{"id":224448,"date":"2025-07-04T01:09:10","date_gmt":"2025-07-04T01:09:10","guid":{"rendered":"https:\/\/www.europesays.com\/fr\/224448\/"},"modified":"2025-07-04T01:09:10","modified_gmt":"2025-07-04T01:09:10","slug":"jean-marc-bustamante-lancera-en-2026-sa-fondation-a-arles","status":"publish","type":"post","link":"https:\/\/www.europesays.com\/fr\/224448\/","title":{"rendered":"Jean-Marc Bustamante lancera en 2026 sa fondation \u00e0 Arles"},"content":{"rendered":"<p>Artiste, commissaire d\u2019exposition, enseignant et ancien directeur de l&rsquo;\u00c9cole nationale sup\u00e9rieure des beaux-arts de Paris de 2015 \u00e0 2018 (voir <a href=\"https:\/\/www.lequotidiendelart.com\/articles\/13635-entretien-avec-jean-marc-bustamante-la-pantalonnade-politico-administrative-ne-change-rien-%C3%A0-un-bilan-dont-je-suis-fier.html\" target=\"_blank\" rel=\"noopener\">QDA<\/a> du 31 octobre 2018), Jean-Marc Bustamante projetait depuis plusieurs ann\u00e9es d\u2019ouvrir sa propre fondation. Celle-ci ouvrira \u00e0 Arles en juillet 2026, dans une \u00e9glise du XIIe si\u00e8cle d\u00e9sacralis\u00e9e du centre historique. Elle s\u2019ajoute au r\u00e9seau des fondations qui ont essaim\u00e9 ces dix derni\u00e8res ann\u00e9es dans la ville h\u00f4te\u00a0des Rencontres photographiques : la Fondation Van Gogh (2014), LUMA Arles (2021), et Lee Ufan Arles (2022)\u00a0ont enrichi le paysage culturel de la cit\u00e9\u2026<\/p>\n","protected":false},"excerpt":{"rendered":"Artiste, commissaire d\u2019exposition, enseignant et ancien directeur de l&rsquo;\u00c9cole nationale sup\u00e9rieure des beaux-arts de Paris de 2015 \u00e0&hellip;\n","protected":false},"author":2,"featured_media":224449,"comment_status":"","ping_status":"","sticky":false,"template":"","format":"standard","meta":{"footnotes":""},"categories":[1358],"tags":[9417,1396,1348,1384,1385,1386,58,59,36343,1011,27],"class_list":{"0":"post-224448","1":"post","2":"type-post","3":"status-publish","4":"format-standard","5":"has-post-thumbnail","7":"category-arts-et-design","8":"tag-arles","9":"tag-art-contemporain","10":"tag-arts","11":"tag-arts-and-design","12":"tag-arts-et-design","13":"tag-design","14":"tag-divertissement","15":"tag-entertainment","16":"tag-fondations","17":"tag-fr","18":"tag-france"},"share_on_mastodon":{"url":"https:\/\/pubeurope.com\/@fr\/114792298536397219","error":""},"_links":{"self":[{"href":"https:\/\/www.europesays.com\/fr\/wp-json\/wp\/v2\/posts\/224448","targetHints":{"allow":["GET"]}}],"collection":[{"href":"https:\/\/www.europesays.com\/fr\/wp-json\/wp\/v2\/posts"}],"about":[{"href":"https:\/\/www.europesays.com\/fr\/wp-json\/wp\/v2\/types\/post"}],"author":[{"embeddable":true,"href":"https:\/\/www.europesays.com\/fr\/wp-json\/wp\/v2\/users\/2"}],"replies":[{"embeddable":true,"href":"https:\/\/www.europesays.com\/fr\/wp-json\/wp\/v2\/comments?post=224448"}],"version-history":[{"count":0,"href":"https:\/\/www.europesays.com\/fr\/wp-json\/wp\/v2\/posts\/224448\/revisions"}],"wp:featuredmedia":[{"embeddable":true,"href":"https:\/\/www.europesays.com\/fr\/wp-json\/wp\/v2\/media\/224449"}],"wp:attachment":[{"href":"https:\/\/www.europesays.com\/fr\/wp-json\/wp\/v2\/media?parent=224448"}],"wp:term":[{"taxonomy":"category","embeddable":true,"href":"https:\/\/www.europesays.com\/fr\/wp-json\/wp\/v2\/categories?post=224448"},{"taxonomy":"post_tag","embeddable":true,"href":"https:\/\/www.europesays.com\/fr\/wp-json\/wp\/v2\/tags?post=224448"}],"curies":[{"name":"wp","href":"https:\/\/api.w.org\/{rel}","templated":true}]}}