{"id":224470,"date":"2025-07-04T01:20:12","date_gmt":"2025-07-04T01:20:12","guid":{"rendered":"https:\/\/www.europesays.com\/fr\/224470\/"},"modified":"2025-07-04T01:20:12","modified_gmt":"2025-07-04T01:20:12","slug":"la-mouvance-incel-est-une-menace-montante-en-france-liberation","status":"publish","type":"post","link":"https:\/\/www.europesays.com\/fr\/224470\/","title":{"rendered":"la mouvance incel\u00a0est \u00abune menace montante\u00bb en France \u2013 Lib\u00e9ration"},"content":{"rendered":"<p class=\"sc-ksZaOG ehjQrN text-element\">Pour la premi\u00e8re fois, la justice fran\u00e7aise s\u2019empare d\u2019un projet d\u2019attentat masculiniste, celui de <a href=\"https:\/\/www.liberation.fr\/societe\/police-justice\/saint-etienne-un-attentat-masculiniste-dejoue-un-homme-de-18-ans-interpelle-avec-deux-couteaux-20250702_2V5VUN4VYZHK5PERBPMV5K7T2M\/\" target=\"_blank\" rel=\"noreferrer noopener\" title=\"https:\/\/www.liberation.fr\/societe\/police-justice\/saint-etienne-un-attentat-masculiniste-dejoue-un-homme-de-18-ans-interpelle-avec-deux-couteaux-20250702_2V5VUN4VYZHK5PERBPMV5K7T2M\/\">Timoty G., le jeune homme de 18 ans arr\u00eat\u00e9 \u00e0 Saint-Etienne<\/a> et mis en examen pour association de malfaiteurs. Il se revendique de la mouvance \u00abincel\u00bb, pour \u00abinvoluntary celibate\u00bb, ou c\u00e9libataire involontaire en fran\u00e7ais, qui rend les femmes responsables de leur c\u00e9libat et l\u00e9gitime d\u00e8s lors les violences \u00e0 leur \u00e9gard. Un ph\u00e9nom\u00e8ne qui reste majoritairement virtuel en France, mais dont la concr\u00e9tisation s\u2019acc\u00e9l\u00e8re, observe Marion Jacquet-Vaillant, ma\u00eetre de conf\u00e9rences en science politique \u00e0 l\u2019universit\u00e9 Paris-Panth\u00e9on-Assas. <\/p>\n<p class=\"sc-ksZaOG ehjQrN text-element\"><b>Aujourd\u2019hui, que sait-on du mouvement incel ?<\/b><\/p>\n<p class=\"sc-ksZaOG ehjQrN text-element\">Il y a le mouvement masculiniste au sens large et, \u00e0 l\u2019int\u00e9rieur, la tendance incel. Il y a tout un vocabulaire de cette sous-culture : la \u00abStacy\u00bb, une femme qu\u2019on d\u00e9teste, le \u00abChad\u00bb, un homme alpha qui arrive \u00e0 \u00abavoir\u00bb ces femmes, ou la notion de \u00abblack pill\u00bb, li\u00e9e \u00e0 l\u2019univers de Matrix : c\u2019est l\u2019id\u00e9e d\u2019avoir eu une r\u00e9v\u00e9lation et de comprendre la n\u00e9cessit\u00e9 d<\/p>\n","protected":false},"excerpt":{"rendered":"Pour la premi\u00e8re fois, la justice fran\u00e7aise s\u2019empare d\u2019un projet d\u2019attentat masculiniste, celui de Timoty G., le jeune&hellip;\n","protected":false},"author":2,"featured_media":224471,"comment_status":"","ping_status":"","sticky":false,"template":"","format":"standard","meta":{"footnotes":""},"categories":[4],"tags":[11,1011,27,12,25,938,797],"class_list":{"0":"post-224470","1":"post","2":"type-post","3":"status-publish","4":"format-standard","5":"has-post-thumbnail","7":"category-france","8":"tag-actualites","9":"tag-fr","10":"tag-france","11":"tag-news","12":"tag-republique-francaise","13":"tag-reseaux-sociaux","14":"tag-violences-faites-aux-femmes"},"share_on_mastodon":{"url":"https:\/\/pubeurope.com\/@fr\/114792341501930154","error":""},"_links":{"self":[{"href":"https:\/\/www.europesays.com\/fr\/wp-json\/wp\/v2\/posts\/224470","targetHints":{"allow":["GET"]}}],"collection":[{"href":"https:\/\/www.europesays.com\/fr\/wp-json\/wp\/v2\/posts"}],"about":[{"href":"https:\/\/www.europesays.com\/fr\/wp-json\/wp\/v2\/types\/post"}],"author":[{"embeddable":true,"href":"https:\/\/www.europesays.com\/fr\/wp-json\/wp\/v2\/users\/2"}],"replies":[{"embeddable":true,"href":"https:\/\/www.europesays.com\/fr\/wp-json\/wp\/v2\/comments?post=224470"}],"version-history":[{"count":0,"href":"https:\/\/www.europesays.com\/fr\/wp-json\/wp\/v2\/posts\/224470\/revisions"}],"wp:featuredmedia":[{"embeddable":true,"href":"https:\/\/www.europesays.com\/fr\/wp-json\/wp\/v2\/media\/224471"}],"wp:attachment":[{"href":"https:\/\/www.europesays.com\/fr\/wp-json\/wp\/v2\/media?parent=224470"}],"wp:term":[{"taxonomy":"category","embeddable":true,"href":"https:\/\/www.europesays.com\/fr\/wp-json\/wp\/v2\/categories?post=224470"},{"taxonomy":"post_tag","embeddable":true,"href":"https:\/\/www.europesays.com\/fr\/wp-json\/wp\/v2\/tags?post=224470"}],"curies":[{"name":"wp","href":"https:\/\/api.w.org\/{rel}","templated":true}]}}