{"id":224476,"date":"2025-07-04T01:26:57","date_gmt":"2025-07-04T01:26:57","guid":{"rendered":"https:\/\/www.europesays.com\/fr\/224476\/"},"modified":"2025-07-04T01:26:57","modified_gmt":"2025-07-04T01:26:57","slug":"meurthe-et-moselle-un-ex-handballeur-nanceien-joue-a-chat-bite-avec-des-gendarmes-de-lisere","status":"publish","type":"post","link":"https:\/\/www.europesays.com\/fr\/224476\/","title":{"rendered":"Meurthe-et-Moselle. Un ex-handballeur nanc\u00e9ien joue \u00e0 \u00ab\u00a0chat-bite\u00a0\u00bb avec des gendarmes de l\u2019Is\u00e8re"},"content":{"rendered":"<p>La sc\u00e8ne est surr\u00e9aliste et a \u00e9t\u00e9 racont\u00e9e par nos coll\u00e8gues du Dauphin\u00e9 Lib\u00e9r\u00e9. Le 1er \u00a0juillet, en fin d\u2019apr\u00e8s-midi, des gendarmes interviennent pour une altercation entre deux couples dans un supermarch\u00e9 de Saint-Paul-les-Romans dans l\u2019Is\u00e8re.<\/p>\n<p>Les militaires ont d\u00e9j\u00e0 fort \u00e0 faire pour s\u00e9parer les bellig\u00e9rants. Mais ils vont devoir, en plus g\u00e9rer, un individu ivre et incontr\u00f4lable qui a d\u00e9cid\u00e9 de mettre son grain de sel dans cette histoire qui ne le concerne pas. L\u2019homme qui a une trentaine d\u2019ann\u00e9es, insulte les gendarmes puis s\u2019amuse \u00e0 \u00ab\u00a0chat-bite\u00a0\u00bb avec l\u2019un d\u2019eux.<\/p>\n<p>En clair, il lui touche le sexe et s\u2019enfuit en courant, comme le veut la r\u00e8gle rudimentaire de ce jeu potache. La sc\u00e8ne pourrait pr\u00eater \u00e0 rigoler. Sauf que le trentenaire a fini par mettre des coups de poing aux gendarmes lors de son arrestation et que c\u2019est le dernier \u00e9pisode path\u00e9tique de sa d\u00e9gringolade sociale. Aujourd\u2019hui, il vit en effet comme un marginal dans un foyer de Romans-sur-Is\u00e8re alors qu\u2019il semblait promis \u00e0 un avenir sportif brillant, lorsqu\u2019il \u00e9tait \u00e0 Nancy, sa ville d\u2019origine.<\/p>\n<p>Il a jou\u00e9 au hand tr\u00e8s t\u00f4t dans la cit\u00e9 des ducs de Lorraine. Il est parti \u00e0 15 ans \u00e0 Monaco. Puis il a \u00e9t\u00e9 aux portes de l\u2019\u00e9lite \u00e0 Angers o\u00f9 il a jou\u00e9 durant deux ans en pro D2. Avant de partir en Bretagne et de d\u00e9gringoler dans l\u2019anonymat. Il est revenu en 2019 \u00e0 Pont-\u00e0-Mousson pour jouer \u00e0 un petit niveau.<\/p>\n<p>Il a ensuite \u00e9chou\u00e9, dans tous les sens du terme, en Is\u00e8re. Remis en libert\u00e9 \u00e0 l\u2019issue de sa garde \u00e0 vue, il sera jug\u00e9 en novembre pour sa partie de \u00ab\u00a0chat-bite\u00a0\u00bb avec la mar\u00e9chauss\u00e9e.<\/p>\n","protected":false},"excerpt":{"rendered":"La sc\u00e8ne est surr\u00e9aliste et a \u00e9t\u00e9 racont\u00e9e par nos coll\u00e8gues du Dauphin\u00e9 Lib\u00e9r\u00e9. Le 1er \u00a0juillet, en&hellip;\n","protected":false},"author":2,"featured_media":224477,"comment_status":"","ping_status":"","sticky":false,"template":"","format":"standard","meta":{"footnotes":""},"categories":[9635],"tags":[1111,11,271,272,1704,1777,674,274,1011,27,775,3457,1702,1703,12,3456,25],"class_list":{"0":"post-224476","1":"post","2":"type-post","3":"status-publish","4":"format-standard","5":"has-post-thumbnail","7":"category-nancy","8":"tag-actu","9":"tag-actualites","10":"tag-crime","11":"tag-delit-et-contravention","12":"tag-edition-nancy-et-agglomeration","13":"tag-eu","14":"tag-europe","15":"tag-faits-divers-justice","16":"tag-fr","17":"tag-france","18":"tag-grand-est","19":"tag-meurthe-et-moselle","20":"tag-nancy","21":"tag-nancy-ville-54b","22":"tag-news","23":"tag-region-lorraine","24":"tag-republique-francaise"},"share_on_mastodon":{"url":"https:\/\/pubeurope.com\/@fr\/114792368933076209","error":""},"_links":{"self":[{"href":"https:\/\/www.europesays.com\/fr\/wp-json\/wp\/v2\/posts\/224476","targetHints":{"allow":["GET"]}}],"collection":[{"href":"https:\/\/www.europesays.com\/fr\/wp-json\/wp\/v2\/posts"}],"about":[{"href":"https:\/\/www.europesays.com\/fr\/wp-json\/wp\/v2\/types\/post"}],"author":[{"embeddable":true,"href":"https:\/\/www.europesays.com\/fr\/wp-json\/wp\/v2\/users\/2"}],"replies":[{"embeddable":true,"href":"https:\/\/www.europesays.com\/fr\/wp-json\/wp\/v2\/comments?post=224476"}],"version-history":[{"count":0,"href":"https:\/\/www.europesays.com\/fr\/wp-json\/wp\/v2\/posts\/224476\/revisions"}],"wp:featuredmedia":[{"embeddable":true,"href":"https:\/\/www.europesays.com\/fr\/wp-json\/wp\/v2\/media\/224477"}],"wp:attachment":[{"href":"https:\/\/www.europesays.com\/fr\/wp-json\/wp\/v2\/media?parent=224476"}],"wp:term":[{"taxonomy":"category","embeddable":true,"href":"https:\/\/www.europesays.com\/fr\/wp-json\/wp\/v2\/categories?post=224476"},{"taxonomy":"post_tag","embeddable":true,"href":"https:\/\/www.europesays.com\/fr\/wp-json\/wp\/v2\/tags?post=224476"}],"curies":[{"name":"wp","href":"https:\/\/api.w.org\/{rel}","templated":true}]}}