{"id":224490,"date":"2025-07-04T01:38:17","date_gmt":"2025-07-04T01:38:17","guid":{"rendered":"https:\/\/www.europesays.com\/fr\/224490\/"},"modified":"2025-07-04T01:38:17","modified_gmt":"2025-07-04T01:38:17","slug":"justice-les-decrocheurs-de-portraits-de-macron-deboutes-par-la-cour-europeenne-des-droits-de-lhomme","status":"publish","type":"post","link":"https:\/\/www.europesays.com\/fr\/224490\/","title":{"rendered":"Justice. Les d\u00e9crocheurs de portraits de Macron d\u00e9bout\u00e9s par la Cour europ\u00e9enne des droits de l&rsquo;Homme"},"content":{"rendered":"<p>La Cour europ\u00e9enne des droits de l&rsquo;Homme (CEDH) a d\u00e9bout\u00e9 ce jeudi les 11 militants \u00e9cologistes qui avaient form\u00e9 un recours apr\u00e8s <a href=\"https:\/\/www.republicain-lorrain.fr\/faits-divers-justice\/2022\/05\/18\/la-condamnation-de-decrocheurs-de-portraits-de-macron-confirmee-en-cassation\" target=\"_blank\" rel=\"nofollow noopener\">leurs condamnations p\u00e9nales<\/a> pour avoir d\u00e9croch\u00e9 et conserv\u00e9 les portraits du pr\u00e9sident <a href=\"https:\/\/www.republicain-lorrain.fr\/p\/emmanuel-macron\" target=\"_blank\" rel=\"nofollow noopener\">Emmanuel Macron<\/a> dans plusieurs mairies de France.<\/p>\n<p>La Cour, qui si\u00e8ge \u00e0 Strasbourg, a jug\u00e9 que les poursuites p\u00e9nales engag\u00e9es apr\u00e8s les actions commises par ces militants \u00e0 Paris, La Roche-de-Glun (Dr\u00f4me) et Lingolsheim (Bas-Rhin) en 2019 devaient \u00eatre consid\u00e9r\u00e9es \u00ab non comme rev\u00eatant un caract\u00e8re dissuasif \u00e0 l&rsquo;expression de leur message, mais comme faisant partie de leur strat\u00e9gie de communication \u00bb. Elle estime \u00e9galement que les condamnations prononc\u00e9es, des peines d&rsquo;amendes avec sursis allant de 200 \u00e0 500 euros, figurent parmi les \u00ab sanctions les plus mod\u00e9r\u00e9es possible \u00bb, et ne sont donc \u00ab pas disproportionn\u00e9es \u00bb.<\/p>\n<p>\u00ab On va continuer \u00bb<\/p>\n<p>Les magistrats europ\u00e9ens rappellent \u00e9galement que les tribunaux fran\u00e7ais avaient retenu, \u00ab pour fonder leurs condamnations, l&rsquo;absence de restitution des portraits \u00bb, estimant que le seul \u00ab d\u00e9crochage \u00bb des photos du chef de l&rsquo;\u00c9tat \u00ab aurait suffi par lui-m\u00eame \u00e0 l&rsquo;expression du message \u00bb militant. Deux des sept juges europ\u00e9ens ont cependant \u00e9mis une opinion inverse, minoritaire, consid\u00e9rant que les condamnations prononc\u00e9es \u00e0 l&rsquo;encontre des militants \u00e9cologistes constituaient bien une violation de leur libert\u00e9 d&rsquo;expression. \u00ab Nous estimons qu&rsquo;il s&rsquo;agissait simplement d&rsquo;une performance politique de nature ironique. Selon nous, il est impossible de consid\u00e9rer le comportement des requ\u00e9rants comme un vol \u00bb, \u00e9crivent dans leur avis le juge suisse Andreas Z\u00fcnd et la juge tch\u00e8que Katerina Simackova.<\/p>\n<p>\u00ab Il ne faut jamais se laisser d\u00e9courager \u00bb, a r\u00e9agi Pauline Boyer, l&rsquo;une des \u00ab d\u00e9crocheuses \u00bb du r\u00e9seau Action Non-Violente &#8211; COP21, estimant que le message diffus\u00e9 \u00e0 l&rsquo;occasion de ces happenings restait \u00ab malheureusement toujours valable, six ans apr\u00e8s \u00bb. \u00ab Je fais de la d\u00e9sob\u00e9issance civile parce que je suis persuad\u00e9e que c&rsquo;est un poumon de la d\u00e9mocratie. Ce sont souvent les mobilisations citoyennes qui ont fait \u00e9voluer les lois. Aujourd&rsquo;hui ce n&rsquo;est plus possible de voter des lois qui d\u00e9tricotent le droit de l&rsquo;environnement et ne sont pas \u00e0 la hauteur de l&rsquo;enjeu. Nos actions sont n\u00e9cessaires, et donc m\u00eame si on perd devant la CEDH, ce n&rsquo;est pas grave, on va continuer \u00bb, a-t-elle assur\u00e9.<\/p>\n<p>Nouvelle jurisprudence<\/p>\n<p>Elle a cependant exprim\u00e9 un regret, \u00e9galement mentionn\u00e9 par les juges minoritaires: \u00ab le fait de consid\u00e9rer que notre action est irr\u00e9versible parce qu&rsquo;on n&rsquo;a pas encore rendu ces portraits, c&rsquo;est une mani\u00e8re d&rsquo;acter que la France ne va pas faire son travail en mati\u00e8re de protection du climat jusqu&rsquo;\u00e0 la fin du mandat d&rsquo;Emmanuel Macron \u00bb, a-t-elle d\u00e9plor\u00e9.<\/p>\n<p>Cependant, depuis les premi\u00e8res condamnation de d\u00e9crocheurs, la Cour de cassation avait fait \u00e9voluer sa jurisprudence sans attendre la d\u00e9cision de la CEDH. Le 29 mars 2023, elle avait valid\u00e9 la relaxe prononc\u00e9e \u00e0 l&rsquo;encontre d&rsquo;un autre groupe de d\u00e9crocheurs, relevant \u00ab l&rsquo;absence d&rsquo;atteinte \u00e0 la dignit\u00e9 de la personne du pr\u00e9sident de la R\u00e9publique \u00bb et rappelant que \u00ab les changements climatiques constituent un sujet d&rsquo;int\u00e9r\u00eat g\u00e9n\u00e9ral \u00bb. Elle avait aussi soulign\u00e9 la valeur modique du portrait, 8,90 euros (cadre non compris). Depuis, d&rsquo;autres d\u00e9cisions de relaxe ont \u00e9t\u00e9 prononc\u00e9es dans des dossiers similaires.<\/p>\n","protected":false},"excerpt":{"rendered":"La Cour europ\u00e9enne des droits de l&rsquo;Homme (CEDH) a d\u00e9bout\u00e9 ce jeudi les 11 militants \u00e9cologistes qui avaient&hellip;\n","protected":false},"author":2,"featured_media":224491,"comment_status":"","ping_status":"","sticky":false,"template":"","format":"standard","meta":{"footnotes":""},"categories":[2820],"tags":[1111,11,1777,674,274,107,1011,27,329,775,12,25,640],"class_list":{"0":"post-224490","1":"post","2":"type-post","3":"status-publish","4":"format-standard","5":"has-post-thumbnail","7":"category-strasbourg","8":"tag-actu","9":"tag-actualites","10":"tag-eu","11":"tag-europe","12":"tag-faits-divers-justice","13":"tag-fil-info","14":"tag-fr","15":"tag-france","16":"tag-france-monde","17":"tag-grand-est","18":"tag-news","19":"tag-republique-francaise","20":"tag-strasbourg"},"share_on_mastodon":{"url":"https:\/\/pubeurope.com\/@fr\/114792412399277460","error":""},"_links":{"self":[{"href":"https:\/\/www.europesays.com\/fr\/wp-json\/wp\/v2\/posts\/224490","targetHints":{"allow":["GET"]}}],"collection":[{"href":"https:\/\/www.europesays.com\/fr\/wp-json\/wp\/v2\/posts"}],"about":[{"href":"https:\/\/www.europesays.com\/fr\/wp-json\/wp\/v2\/types\/post"}],"author":[{"embeddable":true,"href":"https:\/\/www.europesays.com\/fr\/wp-json\/wp\/v2\/users\/2"}],"replies":[{"embeddable":true,"href":"https:\/\/www.europesays.com\/fr\/wp-json\/wp\/v2\/comments?post=224490"}],"version-history":[{"count":0,"href":"https:\/\/www.europesays.com\/fr\/wp-json\/wp\/v2\/posts\/224490\/revisions"}],"wp:featuredmedia":[{"embeddable":true,"href":"https:\/\/www.europesays.com\/fr\/wp-json\/wp\/v2\/media\/224491"}],"wp:attachment":[{"href":"https:\/\/www.europesays.com\/fr\/wp-json\/wp\/v2\/media?parent=224490"}],"wp:term":[{"taxonomy":"category","embeddable":true,"href":"https:\/\/www.europesays.com\/fr\/wp-json\/wp\/v2\/categories?post=224490"},{"taxonomy":"post_tag","embeddable":true,"href":"https:\/\/www.europesays.com\/fr\/wp-json\/wp\/v2\/tags?post=224490"}],"curies":[{"name":"wp","href":"https:\/\/api.w.org\/{rel}","templated":true}]}}