{"id":224506,"date":"2025-07-04T01:46:11","date_gmt":"2025-07-04T01:46:11","guid":{"rendered":"https:\/\/www.europesays.com\/fr\/224506\/"},"modified":"2025-07-04T01:46:11","modified_gmt":"2025-07-04T01:46:11","slug":"toulouse-il-sortait-de-17-ans-de-prison-le-pilote-de-la-course-poursuite-avec-la-police-reincarcere","status":"publish","type":"post","link":"https:\/\/www.europesays.com\/fr\/224506\/","title":{"rendered":"Toulouse. Il sortait de 17 ans de prison, le pilote de la course-poursuite avec la police r\u00e9incarc\u00e9r\u00e9"},"content":{"rendered":"<p>            Par<br \/>\n        <strong><br \/>\n            <a href=\"https:\/\/actu.fr\/auteur\/mareva-laville-actu-fr\" title=\"Consulter tous les articles de Mar\u00e9va Laville\" rel=\"nofollow noopener\" target=\"_blank\">Mar\u00e9va Laville<\/a><br \/>\n        <\/strong><\/p>\n<p>        Publi\u00e9 le<\/p>\n<p>            3 juil. 2025 \u00e0 16h30        <\/p>\n<p>Il n\u2019avait pas de permis et \u00e9tait alcoolis\u00e9. L\u2019<strong>homme de 39\u00a0ans<\/strong> ne partait pas gagnant. Et pourtant, en pleine ville, le jeudi 8 mai 2025, il s\u2019\u00e9tait \u00e9lanc\u00e9<a href=\"https:\/\/actu.fr\/occitanie\/toulouse_31555\/toulouse-sans-permis-et-alcoolise-le-chauffard-accidente-etait-recherche_62615999.html\" rel=\"nofollow noopener\" target=\"_blank\"> dans une <strong>course-poursuite<\/strong> avec la police de Toulouse,<\/a> au volant de sa Citro\u00ebn C3, sur pas moins de <strong>16\u00a0km<\/strong>, pendant 15\u00a0minutes. \u00c0 la nuit tomb\u00e9e. Vers 22\u00a0heures, le protagoniste avait refus\u00e9 d\u2019obtemp\u00e9rer, s\u2019\u00e9lan\u00e7ant alors dans un parcours \u00ab\u2009o\u00f9 il prend tous les risques\u2009\u00bb, indique le parquet de Toulouse. \u00c0 tel point que les policiers aux trousses du chauffard avaient pr\u00e9f\u00e9r\u00e9 lever le pied en attendant de le cueillir dans le quartier Papus, o\u00f9 il terminera sa folle course dans un muret. Moins de deux mois apr\u00e8s les faits, le presque quarantenaire a fait face \u00e0 la justice.<\/p>\n<p>Le refus d\u2019obtemp\u00e9rer, l\u2019absence de permis et l\u2019alcool au compteur<\/p>\n<p class=\" wall-content\">Tout d\u00e9but juillet, le conducteur du v\u00e9hicule \u00e9tait entendu par le <strong>tribunal correctionnel de Toulouse<\/strong> pour \u00ab<strong>\u2009refus d\u2019obtemp\u00e9rer<\/strong> \u00e0 une sommation de s\u2019arr\u00eater exposant directement autrui \u00e0 un risque de mort ou d\u2019infirmit\u00e9 permanente en r\u00e9cidive\u2009\u00bb, pour \u00ab<strong>\u2009conduite d\u2019un v\u00e9hicule sans permis<\/strong> et sous l\u2019emprise d\u2019un<strong> \u00e9tat alcoolique<\/strong>\u2009\u00bb et \u00ab\u2009prise du nom d\u2019un tiers pouvant d\u00e9terminer des poursuites p\u00e9nales contre lui <strong>en r\u00e9cidive<\/strong>\u2009\u00bb.<\/p>\n<p>Apr\u00e8s un s\u00e9jour en prison, il \u00e9cope de 24 mois ferme<\/p>\n<p class=\" wall-content\">De fait, en plus d\u2019\u00eatre ivre au volant et sans permis, le mis en cause de 39\u00a0ans faisait l\u2019objet d\u2019un mandat d\u2019arr\u00eat du Tribunal judiciaire de Pau (Pyr\u00e9n\u00e9es-Atlantiques). Il s\u2019\u00e9tait soustrait au contr\u00f4le d\u2019insertion et de probation, \u00e0 la suite d\u2019une incarc\u00e9ration, <a href=\"https:\/\/actu.fr\/occitanie\/toulouse_31555\/toulouse-sans-permis-et-alcoolise-le-chauffard-accidente-etait-recherche_62615999.html\" rel=\"nofollow noopener\" target=\"_blank\">comme le pr\u00e9cisait Actu Toulouse<\/a>. <strong>Il \u00e9tait sorti de 17 ans de prison<\/strong> en juillet 2024, selon le procureur de la R\u00e9publique de Toulouse.<\/p>\n<p class=\" wall-content\">Un an et un retour en d\u00e9tention provisoire plus tard, il \u00e9cope de <strong>24 mois d\u2019emprisonnement ferme, <\/strong>dont <strong>deux mois<\/strong> pour \u00ab\u00a0prise de nom d\u2019un tiers\u00a0\u00bb. Le mis en cause a \u00e9galement l\u2019interdiction de conduire tout v\u00e9hicule pendant deux ans.<\/p>\n<p class=\" wall-content\">Il dispose de dix jours pour faire appel de cette d\u00e9cision.<\/p>\n<p class=\" wall-content\">Suivez toute l\u2019actualit\u00e9 de vos villes et m\u00e9dias favoris en vous inscrivant \u00e0 <a href=\"https:\/\/moncompte.actu.fr\" title=\"D\u00e9couvez Mon Actu\" rel=\"nofollow noopener\" data-trk=\"{&quot;cta&quot;:{&quot;action&quot;:&quot;https:\\\/\\\/moncompte.actu.fr&quot;,&quot;category&quot;:&quot;mon compte&quot;,&quot;from&quot;:&quot;article footer&quot;,&quot;name&quot;:&quot;Mon actu&quot;,&quot;type&quot;:&quot;cta&quot;}}\" target=\"_blank\">Mon Actu<\/a>.<\/p>\n","protected":false},"excerpt":{"rendered":"Par Mar\u00e9va Laville Publi\u00e9 le 3 juil. 2025 \u00e0 16h30 Il n\u2019avait pas de permis et \u00e9tait alcoolis\u00e9.&hellip;\n","protected":false},"author":2,"featured_media":224507,"comment_status":"","ping_status":"","sticky":false,"template":"","format":"standard","meta":{"footnotes":""},"categories":[2816],"tags":[1111,11,1777,674,118,1011,27,303,12,2680,1072,2852,25,2312],"class_list":{"0":"post-224506","1":"post","2":"type-post","3":"status-publish","4":"format-standard","5":"has-post-thumbnail","7":"category-toulouse","8":"tag-actu","9":"tag-actualites","10":"tag-eu","11":"tag-europe","12":"tag-faits-divers","13":"tag-fr","14":"tag-france","15":"tag-justice","16":"tag-news","17":"tag-occitanie","18":"tag-police","19":"tag-refus-dobtemperer","20":"tag-republique-francaise","21":"tag-toulouse"},"share_on_mastodon":{"url":"https:\/\/pubeurope.com\/@fr\/114792444002370397","error":""},"_links":{"self":[{"href":"https:\/\/www.europesays.com\/fr\/wp-json\/wp\/v2\/posts\/224506","targetHints":{"allow":["GET"]}}],"collection":[{"href":"https:\/\/www.europesays.com\/fr\/wp-json\/wp\/v2\/posts"}],"about":[{"href":"https:\/\/www.europesays.com\/fr\/wp-json\/wp\/v2\/types\/post"}],"author":[{"embeddable":true,"href":"https:\/\/www.europesays.com\/fr\/wp-json\/wp\/v2\/users\/2"}],"replies":[{"embeddable":true,"href":"https:\/\/www.europesays.com\/fr\/wp-json\/wp\/v2\/comments?post=224506"}],"version-history":[{"count":0,"href":"https:\/\/www.europesays.com\/fr\/wp-json\/wp\/v2\/posts\/224506\/revisions"}],"wp:featuredmedia":[{"embeddable":true,"href":"https:\/\/www.europesays.com\/fr\/wp-json\/wp\/v2\/media\/224507"}],"wp:attachment":[{"href":"https:\/\/www.europesays.com\/fr\/wp-json\/wp\/v2\/media?parent=224506"}],"wp:term":[{"taxonomy":"category","embeddable":true,"href":"https:\/\/www.europesays.com\/fr\/wp-json\/wp\/v2\/categories?post=224506"},{"taxonomy":"post_tag","embeddable":true,"href":"https:\/\/www.europesays.com\/fr\/wp-json\/wp\/v2\/tags?post=224506"}],"curies":[{"name":"wp","href":"https:\/\/api.w.org\/{rel}","templated":true}]}}