{"id":22452,"date":"2025-04-13T15:06:14","date_gmt":"2025-04-13T15:06:14","guid":{"rendered":"https:\/\/www.europesays.com\/fr\/22452\/"},"modified":"2025-04-13T15:06:14","modified_gmt":"2025-04-13T15:06:14","slug":"levee-de-limportant-dispositif-de-recherches-place-a-lenquete-judiciaire","status":"publish","type":"post","link":"https:\/\/www.europesays.com\/fr\/22452\/","title":{"rendered":"Lev\u00e9e de l\u2019important dispositif de recherches, place \u00e0 l\u2019enqu\u00eate judiciaire"},"content":{"rendered":"<p>Les <a href=\"https:\/\/www.20minutes.fr\/dossier\/gendarmerie\" class=\"color-ultramarine c-link\" target=\"_blank\" rel=\"noopener\">gendarmes<\/a> ont annonc\u00e9 samedi soir la \u00ab\u00a0fin des recherches de type ratissage\u00a0\u00bb au profit d\u2019op\u00e9rations plus cibl\u00e9es men\u00e9es dans le cadre de l\u2019<a href=\"https:\/\/www.20minutes.fr\/dossier\/enquete\" class=\"color-ultramarine c-link\" target=\"_blank\" rel=\"noopener\">enqu\u00eate<\/a> judiciaire ouverte pour \u00ab\u00a0<a href=\"https:\/\/www.20minutes.fr\/dossier\/disparition\" class=\"color-ultramarine c-link\" target=\"_blank\" rel=\"noopener\">disparition inqui\u00e9tante<\/a>\u00a0\u00bb.<\/p>\n<p><img decoding=\"async\" alt=\"Un appel \u00e0 t\u00e9moins a \u00e9t\u00e9 lanc\u00e9 par la Gendarmerie de Vivonne pour retrouver la joggeuse, Agathe Hilairet.\" class=\"c-img\" loading=\"lazy\" fetchpriority=\"auto\" width=\"718\"  src=\"https:\/\/www.europesays.com\/fr\/wp-content\/uploads\/2025\/04\/1744556774_225_718x0.jpeg; charset=utf-8\" \/>Un appel \u00e0 t\u00e9moins a \u00e9t\u00e9 lanc\u00e9 par la Gendarmerie de Vivonne pour retrouver la joggeuse, Agathe Hilairet.\u2002-\u00a0Gendarmerie de Vivonne<\/p>\n<p>L\u2019imposant dispositif d\u00e9ploy\u00e9 pour retrouver Agathe Hilairet, une joggeuse de 28 ans disparue dans la <a href=\"https:\/\/www.20minutes.fr\/dossier\/vienne-france\" class=\"color-ultramarine c-link\" target=\"_blank\" rel=\"noopener\">Vienne<\/a> depuis jeudi, a \u00e9t\u00e9 lev\u00e9 samedi soir, apr\u00e8s plus de 48 heures sans signe de vie, laissant d\u00e9sormais place au volet judiciaire de l\u2019enqu\u00eate.<\/p>\n<p>Place aux enqu\u00eateurs de la section de recherches<\/p>\n<p>Plongeurs sondant les cours d\u2019eau, h\u00e9licopt\u00e8re avec cam\u00e9ra thermique et drones survolant une large zone bois\u00e9e de 100 kilom\u00e8tres carr\u00e9s\u2026 D\u2019importants moyens ont \u00e9t\u00e9 d\u00e9ploy\u00e9s pr\u00e8s de Vivonne, \u00e0 20\u00a0km au sud de Poitiers, pour tenter de retrouver Agathe Hilairet, coureuse exp\u00e9riment\u00e9e de fr\u00eale corpulence (1,65\u00a0m, 35\u00a0kg).<\/p>\n<p>\u00ab\u00a0Le dispositif de grande ampleur de ces derniers jours va laisser place \u00e0 l\u2019engagement, \u00e0 partir de dimanche, d\u2019une cinquantaine de gendarmes au profit des enqu\u00eateurs de la section de recherches et de la brigade de recherches de <a href=\"https:\/\/www.20minutes.fr\/dossier\/poitiers\" class=\"color-ultramarine c-link\" target=\"_blank\" rel=\"noopener\">Poitiers<\/a>\u00a0\u00bb, a d\u00e9clar\u00e9 la gendarmerie. Ce qui n&#8217;emp\u00eache pas de continuer \u00e0 sonder les points d&rsquo;eau qui n&rsquo;ont pas encore \u00e9t\u00e9 explor\u00e9s. Des plongeurs de la brigade nautique d&rsquo;Arcachon sont ainsi venus dimanche en renfort des plongeurs de La Rochelle.<\/p>\n<p>La joggeuse de 28 ans, pratiquante de trail qui parcourait des distances sup\u00e9rieures \u00e0 15 ou 20\u00a0km \u00e0 chaque sortie, s\u2019\u00e9tait \u00e9lanc\u00e9e jeudi matin du domicile de ses parents \u00e0 Vivonne. Son p\u00e8re a donn\u00e9 l\u2019alerte en ne la voyant pas revenir, alors que son t\u00e9l\u00e9phone ne r\u00e9pondait plus.<\/p>\n<p>\u00ab\u00a0Une dizaine d\u2019auditions de t\u00e9moins et de proches\u00a0\u00bb<\/p>\n<p>Les enqu\u00eateurs ont trouv\u00e9 dans son logement des indices semblant \u00e9loigner l\u2019hypoth\u00e8se d\u2019une fugue planifi\u00e9e, a-t-on appris de source proche de l\u2019enqu\u00eate, confirmant des informations de BFMTV.<\/p>\n<p>\u00ab\u00a0Toutes les hypoth\u00e8ses sont ouvertes\u00a0\u00bb, a d\u00e9clar\u00e9 dimanche une source proche de l\u2019enqu\u00eate lanc\u00e9e. \u00ab\u00a0On \u00e9tudie toutes les hypoth\u00e8ses, dont celle criminelle, bien \u00e9videmment [\u2026] On est sur le spectre large des hypoth\u00e8ses. Et c\u2019est le travail d\u2019investigation qui va, au bout du bout, orienter\u00a0\u00bb l\u2019enqu\u00eate, a ajout\u00e9 cette source.<\/p>\n<p>Les recherches ont \u00e9t\u00e9 engag\u00e9es d\u00e8s jeudi apr\u00e8s-midi dans un secteur forestier autour des communes de Vivonne, Voulon, Celle-L\u00e9vescault et Gen\u00e7ay. \u00ab\u00a0Les difficult\u00e9s [des recherches] tiennent notamment \u00e0 ce que certaines zones bois\u00e9es sont tr\u00e8s denses\u00a0\u00bb, a soulign\u00e9 Cyril Lacombe, procureur de la R\u00e9publique \u00e0 Poitiers, samedi dans un communiqu\u00e9. \u00ab\u00a0Une dizaine d\u2019auditions de t\u00e9moins et de proches\u00a0\u00bb ont d\u00e9j\u00e0 \u00e9t\u00e9 effectu\u00e9es en parall\u00e8le, selon le magistrat qui avait dit la veille explorer \u00ab\u00a0toutes les pistes\u00a0\u00bb. Une vingtaine de personnes en tout se sont manifest\u00e9es depuis la diffusion de l&rsquo;appel \u00e0 t\u00e9moins, a indiqu\u00e9 de son c\u00f4t\u00e9 la gendarmerie dimanche.<\/p>\n<p>\u00ab\u00a0Elle \u00e9tait tr\u00e8s, tr\u00e8s, tr\u00e8s maigre\u00a0\u00bb<\/p>\n<p>Sur l\u2019application de g\u00e9olocalisation sportive <a href=\"https:\/\/www.20minutes.fr\/societe\/4139389-20250218-appli-running-strava-vraiment-train-devenir-tinder-sportifs\" class=\"color-ultramarine c-link\" target=\"_blank\" rel=\"noopener\">Strava<\/a>, la jeune femme se d\u00e9crit comme \u00ab\u00a0adorant la course \u00e0 pied\u00a0\u00bb, qu\u2019elle pratique \u00ab\u00a0depuis [ses] 17 ans\u00a0\u00bb. Elle avait repris en mai\u00a02024 apr\u00e8s \u00ab\u00a0plusieurs ann\u00e9es d\u2019arr\u00eat\u00a0\u00bb, selon un message post\u00e9 alors sur son compte Facebook.<\/p>\n<\/p>\n<p>\u00ab\u00a0On \u00e9tait au coll\u00e8ge ensemble [\u2026] Quand on est rentr\u00e9es au lyc\u00e9e, j\u2019ai vu qu\u2019elle avait perdu beaucoup, beaucoup de poids\u00a0\u00bb, a t\u00e9moign\u00e9 aupr\u00e8s de l\u2019AFPTV Candice, charg\u00e9e de mission \u00e2g\u00e9e de 25 ans. \u00ab\u00a0Je me demande si elle n\u2019a pas eu un probl\u00e8me de sant\u00e9 parce qu\u2019elle \u00e9tait tr\u00e8s, tr\u00e8s, tr\u00e8s maigre. De courir, faire du sport dans son \u00e9tat\u2026 J\u2019esp\u00e8re vraiment qu\u2019ils vont la retrouver\u00a0\u00bb, a-t-elle ajout\u00e9.<\/p>\n<p>Une voisine a dit au quotidien La Nouvelle R\u00e9publique que la jeune femme \u00e9tait en \u00ab\u00a0arr\u00eat maladie depuis deux mois\u00a0\u00bb. Pour Rose-Marie Bertaud, maire de Vivonne, cette petite ville de 4.500 habitants est sous le \u00ab\u00a0choc\u00a0\u00bb et \u00ab\u00a0dans l\u2019attente\u00a0\u00bb. \u00ab\u00a0Plus le temps passe, plus \u00e7a devient difficile de savoir ce qui a pu arriver.\u00a0\u00bb<\/p>\n","protected":false},"excerpt":{"rendered":"Les gendarmes ont annonc\u00e9 samedi soir la \u00ab\u00a0fin des recherches de type ratissage\u00a0\u00bb au profit d\u2019op\u00e9rations plus cibl\u00e9es&hellip;\n","protected":false},"author":2,"featured_media":22453,"comment_status":"","ping_status":"","sticky":false,"template":"","format":"standard","meta":{"footnotes":""},"categories":[2],"tags":[47,11,2715,1067,1011,27,8319,12,2219,1653,2220,104,8320],"class_list":{"0":"post-22452","1":"post","2":"type-post","3":"status-publish","4":"format-standard","5":"has-post-thumbnail","7":"category-actualites","8":"tag-actualite","9":"tag-actualites","10":"tag-disparition","11":"tag-enquete","12":"tag-fr","13":"tag-france","14":"tag-joggeuse","15":"tag-news","16":"tag-nouvelle-aquitaine","17":"tag-poitiers","18":"tag-poitou-charentes","19":"tag-societe","20":"tag-vienne-departement"},"share_on_mastodon":{"url":"https:\/\/pubeurope.com\/@fr\/114331279943875634","error":""},"_links":{"self":[{"href":"https:\/\/www.europesays.com\/fr\/wp-json\/wp\/v2\/posts\/22452","targetHints":{"allow":["GET"]}}],"collection":[{"href":"https:\/\/www.europesays.com\/fr\/wp-json\/wp\/v2\/posts"}],"about":[{"href":"https:\/\/www.europesays.com\/fr\/wp-json\/wp\/v2\/types\/post"}],"author":[{"embeddable":true,"href":"https:\/\/www.europesays.com\/fr\/wp-json\/wp\/v2\/users\/2"}],"replies":[{"embeddable":true,"href":"https:\/\/www.europesays.com\/fr\/wp-json\/wp\/v2\/comments?post=22452"}],"version-history":[{"count":0,"href":"https:\/\/www.europesays.com\/fr\/wp-json\/wp\/v2\/posts\/22452\/revisions"}],"wp:featuredmedia":[{"embeddable":true,"href":"https:\/\/www.europesays.com\/fr\/wp-json\/wp\/v2\/media\/22453"}],"wp:attachment":[{"href":"https:\/\/www.europesays.com\/fr\/wp-json\/wp\/v2\/media?parent=22452"}],"wp:term":[{"taxonomy":"category","embeddable":true,"href":"https:\/\/www.europesays.com\/fr\/wp-json\/wp\/v2\/categories?post=22452"},{"taxonomy":"post_tag","embeddable":true,"href":"https:\/\/www.europesays.com\/fr\/wp-json\/wp\/v2\/tags?post=22452"}],"curies":[{"name":"wp","href":"https:\/\/api.w.org\/{rel}","templated":true}]}}