{"id":224534,"date":"2025-07-04T02:02:13","date_gmt":"2025-07-04T02:02:13","guid":{"rendered":"https:\/\/www.europesays.com\/fr\/224534\/"},"modified":"2025-07-04T02:02:13","modified_gmt":"2025-07-04T02:02:13","slug":"donald-trump-obtient-le-feu-vert-du-congres-pour-sa-grande-reforme-budgetaire","status":"publish","type":"post","link":"https:\/\/www.europesays.com\/fr\/224534\/","title":{"rendered":"Donald Trump obtient le feu vert du Congr\u00e8s pour sa grande r\u00e9forme budg\u00e9taire"},"content":{"rendered":"<p><a href=\"https:\/\/www.20minutes.fr\/dossier\/donald_trump\" target=\"_blank\" class=\"color-ultramarine c-link\" rel=\"noopener\">Donald Trump<\/a> a remport\u00e9 jeudi un succ\u00e8s politique majeur avec l\u2019adoption d\u2019une vaste <a href=\"https:\/\/www.20minutes.fr\/economie\/budget\/\" target=\"_blank\" class=\"color-ultramarine c-link\" rel=\"noopener\">r\u00e9forme budg\u00e9taire<\/a>, premi\u00e8re grande victoire l\u00e9gislative de son second mandat. Arrach\u00e9e au terme de n\u00e9gociations sous haute tension au <a href=\"https:\/\/www.20minutes.fr\/dossier\/congres\" target=\"_blank\" class=\"color-ultramarine c-link\" rel=\"noopener\">Congr\u00e8s<\/a>, cette loi de 869 pages ent\u00e9rine une s\u00e9rie de baisses d\u2019imp\u00f4ts, un durcissement des politiques sociales et une r\u00e9orientation massive des d\u00e9penses publiques, notamment vers la d\u00e9fense et la lutte contre l\u2019immigration.<\/p>\n<p>Adopt\u00e9 de justesse par le <a href=\"https:\/\/www.20minutes.fr\/dossier\/senat\" target=\"_blank\" class=\"color-ultramarine c-link\" rel=\"noopener\">S\u00e9nat<\/a> mardi, le texte a finalement \u00e9t\u00e9 valid\u00e9 jeudi \u00e0 la Chambre des repr\u00e9sentants par 218 voix contre 214. Cette \u00ab\u00a0One Big Beautiful Bill\u00a0\u00bb, selon l\u2019expression du pr\u00e9sident, sera promulgu\u00e9e vendredi 4\u00a0juillet, jour de la f\u00eate nationale am\u00e9ricaine, \u00e0 16h (22h \u00e0 Paris). \u00ab\u00a0VICTOIRE\u00a0\u00bb, a imm\u00e9diatement clam\u00e9 la Maison-Blanche sur X, saluant une r\u00e9forme jug\u00e9e cruciale pour mettre en \u0153uvre les promesses de campagne du chef de l\u2019Etat.<\/p>\n<p>Une r\u00e9forme au go\u00fbt amer pour les plus fragiles<\/p>\n<p>Au c\u0153ur du projet\u00a0: la prolongation des <a href=\"https:\/\/www.20minutes.fr\/dossier\/impots\" target=\"_blank\" class=\"color-ultramarine c-link\" rel=\"noopener\">baisses d\u2019imp\u00f4ts<\/a> massives initi\u00e9es lors du premier mandat de Donald Trump, l\u2019exon\u00e9ration totale des pourboires pour les travailleurs, mesure symbolique pour la base \u00e9lectorale du pr\u00e9sident, et une hausse des budgets militaires. En parall\u00e8le, les <a href=\"https:\/\/www.20minutes.fr\/monde\/republicains\/\" target=\"_blank\" class=\"color-ultramarine c-link\" rel=\"noopener\">r\u00e9publicains<\/a> ont impos\u00e9 des coupes drastiques dans les programmes sociaux embl\u00e9matiques de l\u2019\u00e8re <a href=\"https:\/\/www.20minutes.fr\/dossier\/joe_biden\" target=\"_blank\" class=\"color-ultramarine c-link\" rel=\"noopener\">Biden<\/a>, dont le Medicaid (l\u2019assurance sant\u00e9 des Am\u00e9ricains aux faibles revenus) et le principal dispositif d\u2019aide alimentaire f\u00e9d\u00e9ral.<\/p>\n<\/p>\n<p>Les cr\u00e9dits en faveur des <a href=\"https:\/\/www.20minutes.fr\/dossier\/energie_renouvelable\" target=\"_blank\" class=\"color-ultramarine c-link\" rel=\"noopener\">\u00e9nergies renouvelables<\/a>, instaur\u00e9s par l\u2019administration pr\u00e9c\u00e9dente, sont \u00e9galement largement supprim\u00e9s. Cette orientation ultralib\u00e9rale inqui\u00e8te une partie de la majorit\u00e9 elle-m\u00eame. Le r\u00e9publicain Keith Self, initialement r\u00e9ticent, a fini par soutenir le texte apr\u00e8s avoir exprim\u00e9 ses doutes\u00a0: \u00ab\u00a0Je suis venu \u00e0 <a href=\"https:\/\/www.20minutes.fr\/dossier\/washington\" target=\"_blank\" class=\"color-ultramarine c-link\" rel=\"noopener\">Washington<\/a> pour aider \u00e0 freiner notre dette nationale.\u00a0\u00bb<\/p>\n<p>Une adoption sous pression et dans la division<\/p>\n<p>Pour faire passer la loi, la <a href=\"https:\/\/www.20minutes.fr\/dossier\/maison_blanche\" target=\"_blank\" class=\"color-ultramarine c-link\" rel=\"noopener\">Maison-Blanche<\/a> a d\u00fb exercer une pression intense sur les \u00e9lus r\u00e9calcitrants. Donald Trump a personnellement appel\u00e9 plusieurs membres de son camp jusque tard dans la nuit, selon le pr\u00e9sident de la Chambre <a href=\"https:\/\/www.20minutes.fr\/monde\/etats-unis\/4131919-20250103-etats-unis-election-speaker-congres-mike-johnson-joue-survie\" target=\"_blank\" class=\"color-ultramarine c-link\" rel=\"noopener\">Mike Johnson<\/a>. Mercredi soir, agac\u00e9 par les lenteurs, le pr\u00e9sident s\u2019est emport\u00e9 sur Truth Social\u00a0: \u00ab\u00a0Qu\u2019est-ce que les r\u00e9publicains attendent\u00a0?\u00a0\u00bb<\/p>\n<p class=\"mb-xxl@xs color-ultramarine font-weight-semi-bold@xs font-source-serif-pro heading-s@xs\">L\u2019acc\u00e8s \u00e0 ce contenu a \u00e9t\u00e9 bloqu\u00e9 afin de respecter votre choix de consentement<\/p>\n<p class=\"mb-m@xs text-l@xs\">En cliquant sur\u00ab J\u2019accepte \u00bb, vous acceptez le d\u00e9p\u00f4t de cookies par des services externes et aurez ainsi acc\u00e8s aux contenus de nos partenaires.<\/p>\n<p class=\"mb-xl@xs text-s@xs\">Plus d\u2019informations sur la page<a href=\"https:\/\/www.20minutes.fr\/gestion-cookies\" class=\"mx-xxs@xs color-ultramarine\" target=\"_blank\" rel=\"noopener\">Politique de gestion des cookies<\/a><\/p>\n<p>J\u2019accepte<\/p>\n<p>La mobilisation des <a href=\"https:\/\/www.20minutes.fr\/dossier\/parti_democrate\" target=\"_blank\" class=\"color-ultramarine c-link\" rel=\"noopener\">d\u00e9mocrates<\/a>, pourtant minoritaires dans les deux chambres, n\u2019a pas suffi \u00e0 bloquer le texte. Mais elle a permis d\u2019en retarder l\u2019adoption. A la Chambre, le chef de file Hakeem Jeffries a tenu un discours fleuve de pr\u00e8s de neuf heures, un record, pour d\u00e9noncer une \u00ab\u00a0monstruosit\u00e9 r\u00e9pugnante\u00a0\u00bb qui \u00ab\u00a0fera souffrir les Am\u00e9ricains ordinaires\u00a0\u00bb. Le vote final, repouss\u00e9 au lendemain, s\u2019est conclu dans un climat \u00e9lectrique. A l\u2019annonce du r\u00e9sultat, les cris de \u00ab\u00a0USA, USA, USA\u00a0!\u00a0\u00bb ont retenti.<\/p>\n<p>Un co\u00fbt budg\u00e9taire colossal<\/p>\n<p>La principale pierre d\u2019achoppement reste le co\u00fbt de cette r\u00e9forme. Selon le Bureau budg\u00e9taire du Congr\u00e8s, le texte devrait alourdir la <a href=\"https:\/\/www.20minutes.fr\/dossier\/dette_publique\" target=\"_blank\" class=\"color-ultramarine c-link\" rel=\"noopener\">dette f\u00e9d\u00e9rale<\/a> de plus de 3.400\u00a0milliards de dollars d\u2019ici\u00a02034. Une projection qui embarrasse une frange conservatrice traditionnellement attach\u00e9e au s\u00e9rieux budg\u00e9taire.<\/p>\n<p><a href=\"https:\/\/www.20minutes.fr\/monde\/etats-unis\/\" target=\"_blank\" class=\"c-link c-btn c-btn--primary\" rel=\"noopener\">Notre dossier sur les Etats-Unis<\/a><\/p>\n<p>Pour les opposants, ce plan budg\u00e9taire est non seulement fiscalement risqu\u00e9, mais aussi profond\u00e9ment injuste. \u00ab\u00a017\u00a0millions de personnes viennent de perdre leur assurance sant\u00e9\u00a0\u00bb, a fustig\u00e9 sur X le gouverneur d\u00e9mocrate de <a href=\"https:\/\/www.20minutes.fr\/dossier\/californie\" target=\"_blank\" class=\"color-ultramarine c-link\" rel=\"noopener\">Californie<\/a>, Gavin Newsom. L\u2019ancien pr\u00e9sident Joe Biden a lui aussi d\u00e9nonc\u00e9 une loi \u00ab\u00a0pas seulement irresponsable, mais cruelle\u00a0\u00bb, citant les \u00ab\u00a0grandes baisses d\u2019imp\u00f4ts pour les milliardaires\u00a0\u00bb et les reculs sociaux. Sur X, Barack Obama s\u2019\u00e9tait \u00e9galement inqui\u00e9t\u00e9 de la situation de millions d\u2019Am\u00e9ricains si cette loi \u00e9tait vot\u00e9e.<\/p>\n","protected":false},"excerpt":{"rendered":"Donald Trump a remport\u00e9 jeudi un succ\u00e8s politique majeur avec l\u2019adoption d\u2019une vaste r\u00e9forme budg\u00e9taire, premi\u00e8re grande victoire&hellip;\n","protected":false},"author":2,"featured_media":224535,"comment_status":"","ping_status":"","sticky":false,"template":"","format":"standard","meta":{"footnotes":""},"categories":[1589],"tags":[47,11,1003,10514,75,73,1866,457,420,78,74,12,1864,1865,1863,308],"class_list":{"0":"post-224534","1":"post","2":"type-post","3":"status-publish","4":"format-standard","5":"has-post-thumbnail","7":"category-etats-unis","8":"tag-actualite","9":"tag-actualites","10":"tag-budget","11":"tag-congres-des-etats-unis","12":"tag-donald-trump","13":"tag-etats-unis","14":"tag-etats-unis-damerique","15":"tag-joe-biden","16":"tag-loi","17":"tag-maison-blanche","18":"tag-monde","19":"tag-news","20":"tag-united-states","21":"tag-united-states-of-america","22":"tag-us","23":"tag-usa"},"share_on_mastodon":{"url":"https:\/\/pubeurope.com\/@fr\/114792506532693162","error":""},"_links":{"self":[{"href":"https:\/\/www.europesays.com\/fr\/wp-json\/wp\/v2\/posts\/224534","targetHints":{"allow":["GET"]}}],"collection":[{"href":"https:\/\/www.europesays.com\/fr\/wp-json\/wp\/v2\/posts"}],"about":[{"href":"https:\/\/www.europesays.com\/fr\/wp-json\/wp\/v2\/types\/post"}],"author":[{"embeddable":true,"href":"https:\/\/www.europesays.com\/fr\/wp-json\/wp\/v2\/users\/2"}],"replies":[{"embeddable":true,"href":"https:\/\/www.europesays.com\/fr\/wp-json\/wp\/v2\/comments?post=224534"}],"version-history":[{"count":0,"href":"https:\/\/www.europesays.com\/fr\/wp-json\/wp\/v2\/posts\/224534\/revisions"}],"wp:featuredmedia":[{"embeddable":true,"href":"https:\/\/www.europesays.com\/fr\/wp-json\/wp\/v2\/media\/224535"}],"wp:attachment":[{"href":"https:\/\/www.europesays.com\/fr\/wp-json\/wp\/v2\/media?parent=224534"}],"wp:term":[{"taxonomy":"category","embeddable":true,"href":"https:\/\/www.europesays.com\/fr\/wp-json\/wp\/v2\/categories?post=224534"},{"taxonomy":"post_tag","embeddable":true,"href":"https:\/\/www.europesays.com\/fr\/wp-json\/wp\/v2\/tags?post=224534"}],"curies":[{"name":"wp","href":"https:\/\/api.w.org\/{rel}","templated":true}]}}