{"id":224548,"date":"2025-07-04T02:09:13","date_gmt":"2025-07-04T02:09:13","guid":{"rendered":"https:\/\/www.europesays.com\/fr\/224548\/"},"modified":"2025-07-04T02:09:13","modified_gmt":"2025-07-04T02:09:13","slug":"tour-de-france-2025-les-podiums-francais-depuis-la-derniere-victoire-de-bernard-hinault-en-1985","status":"publish","type":"post","link":"https:\/\/www.europesays.com\/fr\/224548\/","title":{"rendered":"Tour de France 2025\u00a0: les podiums fran\u00e7ais depuis la derni\u00e8re victoire de Bernard Hinault, en 1985"},"content":{"rendered":"<p class=\"paragraph text_align_left lp-f-body-02\">Les Fran\u00e7ais connaissent des ann\u00e9es de disette sur la <a href=\"https:\/\/www.leparisien.fr\/sports\/cyclisme\/tour-de-france\/\" target=\"_self\" rel=\"nofollow noopener\">Grande Boucle<\/a> depuis la derni\u00e8re victoire tricolore, <a href=\"https:\/\/www.leparisien.fr\/sports\/cyclisme\/tour-de-france\/40-ans-sans-vainqueur-francais-du-tour-nos-equipes-peuvent-elles-encore-creer-des-champions-03-07-2025-ZUZMA2HKEJB7PPMVUJ6DPRQ4SE.php\" target=\"_blank\" rel=\"noreferrer nofollow noopener\">\u00e0 savoir Bernard Hinault en 1985<\/a>. Certains ont glan\u00e9 des \u00e9tapes ou porter des maillots distinctifs mais peu sont mont\u00e9s sur le podium. Voici les six derniers \u00e0 avoir r\u00e9ussi cette prouesse depuis 1985.<\/p>\n<p>1986 : Bernard Hinault (2e)<\/p>\n<p class=\"paragraph text_align_left lp-f-body-02\">Un an apr\u00e8s sa victoire et pour sa derni\u00e8re participation sur le Tour de France avant sa retraite, Bernard Hinault a grimp\u00e9 sur la deuxi\u00e8me marche du podium au terme d\u2019un duel avec l\u2019Am\u00e9ricain Greg LeMond. Le Fran\u00e7ais avait pourtant d\u00e9but\u00e9 sur les chapeaux de roues en prenant cinq minutes d\u2019avance au g\u00e9n\u00e9ral d\u00e8s la moiti\u00e9 du Tour. Mais il finit par s\u2019effondrer et laisse l\u2019Am\u00e9ricain lui passer devant.<\/p>\n<p>1987 : Jean-Fran\u00e7ois Bernard (3e)<\/p>\n<p class=\"paragraph text_align_left lp-f-body-02\">Le cycliste fran\u00e7ais remporte deux \u00e9tapes. La bataille pour le classement g\u00e9n\u00e9ral se joue \u00e0 la fin de la 21e \u00e9tape mais Bernard capitule rapidement et conc\u00e8de deux minutes sur le maillot jaune Stephen Roche \u00e0 l\u2019arriv\u00e9e. Il termine donc troisi\u00e8me \u00e0 l\u2019issue du Tour cette ann\u00e9e-l\u00e0 juste devant un autre Fran\u00e7ais, Charly Mottet.<\/p>\n<p>1989 : Laurent Fignon (2e)<\/p>\n<p class=\"paragraph text_align_left lp-f-body-02\">Le \u00ab Tour le plus fou \u00bb a vu un Laurent Fignon terminer deuxi\u00e8me derri\u00e8re Greg LeMond. Le Fran\u00e7ais \u00e9tait tr\u00e8s attendu et d\u00e9sign\u00e9 comme l\u2019un des favoris apr\u00e8s sa victoire sur le Tour d\u2019Italie. \u00c0 partir de la 10e \u00e9tape, Fignon tient la t\u00eate du classement g\u00e9n\u00e9ral qu\u2019il se dispute avec l\u2019Am\u00e9ricain Greg LeMond. <\/p>\n<p class=\"paragraph text_align_left lp-f-body-02\">C\u2019est finalement LeMond qui s\u2019impose seulement 8 secondes devant le Fran\u00e7ais apr\u00e8s le mythique contre-la-montre final \u00e0 Paris, le plus petit \u00e9cart jamais enregistr\u00e9 entre un vainqueur et son second dans le Tour de France.<\/p>\n<p>1996 : Richard Virenque (3e)<\/p>\n<p class=\"paragraph text_align_left lp-f-body-02\">Apr\u00e8s quelques ann\u00e9es sans qu\u2019aucun Fran\u00e7ais ne brille vraiment, <a href=\"https:\/\/www.leparisien.fr\/sports\/cyclisme\/tour-de-france-je-regrette-qu-on-ne-veuille-plus-de-moi-avoue-virenque-17-09-2020-8386746.php\" target=\"_blank\" rel=\"noreferrer nofollow noopener\">Richard Virenque<\/a> termine troisi\u00e8me et devient le h\u00e9ros du public tricolore. Il gagne aussi le maillot \u00e0 pois du meilleur grimpeur dans un Tour de France difficile.<\/p>\n<p>1997 : Richard Virenque (2e)<\/p>\n<p class=\"paragraph text_align_left lp-f-body-02\">Le Fran\u00e7ais, deuxi\u00e8me, gagne une place par rapport \u00e0 l\u2019ann\u00e9e pass\u00e9e et termine \u00e0 nouveau avec le maillot \u00e0 pois. Cette ann\u00e9e-l\u00e0, Jan Ullrich \u00e9tait trop fort. D\u00e8s la 10e \u00e9tape il prend la t\u00eate du classement g\u00e9n\u00e9ral et ne la quittera pas.<\/p>\n<p><img decoding=\"async\" class=\"image \" loading=\"lazy\" src=\"https:\/\/www.europesays.com\/fr\/wp-content\/uploads\/2025\/07\/QXRETMCHING2DJXOSSKII5I62Y.jpg\" alt=\"\" align=\"\" data-rubrique-principale=\"\" data-article-type=\"\" fetchpriority=\"auto\"\/>2014 : Jean-Christophe P\u00e9raud (2e), Thibaut Pinot (3e)<\/p>\n<p class=\"paragraph text_align_left lp-f-body-02\">Deux podiums fran\u00e7ais, une raret\u00e9. Ce n\u2019\u00e9tait pas arriv\u00e9 depuis 1984 et Bernard Hinault devant Laurent Fignon. Apr\u00e8s une premi\u00e8re semaine compliqu\u00e9e et pi\u00e9geuse dans le Nord, c\u2019est l\u2019Italien Vincenzo Nibali qui prend d\u00e8s la deuxi\u00e8me \u00e9tape la premi\u00e8re place du g\u00e9n\u00e9ral. <\/p>\n<p class=\"paragraph text_align_left lp-f-body-02\">Nibali s\u2019imposera logiquement avec une large avance \u00e0 Paris sur Jean-Christophe P\u00e9raud et Thibaut Pinot. Ce dernier remporte aussi le maillot blanc de meilleur jeune.<\/p>\n<p>2016 : Romain Bardet (2e)<\/p>\n<p class=\"paragraph text_align_left lp-f-body-02\">Annonc\u00e9 comme favori apr\u00e8s avoir remport\u00e9 le Crit\u00e9rium du Dauphin\u00e9, le Britannique Christopher Froome s\u2019impose sans surprise sur le Tour de France apr\u00e8s plusieurs journ\u00e9es de domination. Derri\u00e8re lui, \u00e0 un peu plus de quatre minutes, on retrouve le tricolore Romain Bardet qui a r\u00e9ussi \u00e0 gagner la 19e \u00e9tape.<\/p>\n<p>2017 : Romain Bardet (3e)<\/p>\n<p class=\"paragraph text_align_left lp-f-body-02\">Il s\u2019agit du dernier podium tricolore en date et du deuxi\u00e8me podium pour Bardet qui termine sur la plus petite marche \u00e0 plus de deux minutes de Froome, une nouvelle fois vainqueur. Bardet a tout de m\u00eame remport\u00e9 une \u00e9tape \u00e0 la diff\u00e9rence du Britannique qui s\u2019impose sans aucune victoire d\u2019\u00e9tape.<\/p>\n<p><\/p>\n","protected":false},"excerpt":{"rendered":"Les Fran\u00e7ais connaissent des ann\u00e9es de disette sur la Grande Boucle depuis la derni\u00e8re victoire tricolore, \u00e0 savoir&hellip;\n","protected":false},"author":2,"featured_media":224549,"comment_status":"","ping_status":"","sticky":false,"template":"","format":"standard","meta":{"footnotes":""},"categories":[4],"tags":[11,207,1011,27,12,25,60,210],"class_list":{"0":"post-224548","1":"post","2":"type-post","3":"status-publish","4":"format-standard","5":"has-post-thumbnail","7":"category-france","8":"tag-actualites","9":"tag-cyclisme","10":"tag-fr","11":"tag-france","12":"tag-news","13":"tag-republique-francaise","14":"tag-sports","15":"tag-tour-de-france"},"share_on_mastodon":{"url":"https:\/\/pubeurope.com\/@fr\/114792534119063838","error":""},"_links":{"self":[{"href":"https:\/\/www.europesays.com\/fr\/wp-json\/wp\/v2\/posts\/224548","targetHints":{"allow":["GET"]}}],"collection":[{"href":"https:\/\/www.europesays.com\/fr\/wp-json\/wp\/v2\/posts"}],"about":[{"href":"https:\/\/www.europesays.com\/fr\/wp-json\/wp\/v2\/types\/post"}],"author":[{"embeddable":true,"href":"https:\/\/www.europesays.com\/fr\/wp-json\/wp\/v2\/users\/2"}],"replies":[{"embeddable":true,"href":"https:\/\/www.europesays.com\/fr\/wp-json\/wp\/v2\/comments?post=224548"}],"version-history":[{"count":0,"href":"https:\/\/www.europesays.com\/fr\/wp-json\/wp\/v2\/posts\/224548\/revisions"}],"wp:featuredmedia":[{"embeddable":true,"href":"https:\/\/www.europesays.com\/fr\/wp-json\/wp\/v2\/media\/224549"}],"wp:attachment":[{"href":"https:\/\/www.europesays.com\/fr\/wp-json\/wp\/v2\/media?parent=224548"}],"wp:term":[{"taxonomy":"category","embeddable":true,"href":"https:\/\/www.europesays.com\/fr\/wp-json\/wp\/v2\/categories?post=224548"},{"taxonomy":"post_tag","embeddable":true,"href":"https:\/\/www.europesays.com\/fr\/wp-json\/wp\/v2\/tags?post=224548"}],"curies":[{"name":"wp","href":"https:\/\/api.w.org\/{rel}","templated":true}]}}