{"id":224550,"date":"2025-07-04T02:12:14","date_gmt":"2025-07-04T02:12:14","guid":{"rendered":"https:\/\/www.europesays.com\/fr\/224550\/"},"modified":"2025-07-04T02:12:14","modified_gmt":"2025-07-04T02:12:14","slug":"asm-rugby-2","status":"publish","type":"post","link":"https:\/\/www.europesays.com\/fr\/224550\/","title":{"rendered":"ASM Rugby"},"content":{"rendered":"<p>Le troisi\u00e8me ligne clermontois, Killian Tixeront (une s\u00e9lection), d\u00e9butera samedi \u00e0 Dunedin (\u00e0 9h05 en direct sur Canal +) son premier match avec le XV de France face aux All-Blacks. Il sera accompagn\u00e9 par R\u00e9gis Montagne (qui devrait honorer sa premi\u00e8re cape en Bleu) et Baptiste Jauneau (1 s\u00e9lection) tous les deux sur le banc. L\u2019occasion de faire le point sur les Jaune et Bleu mobilis\u00e9s lors de cette p\u00e9riode estivale.<\/p>\n<p>\u00a0<\/p>\n<p>La jeune garde clermontoise profite de cette tourn\u00e9e estivale dans le pays au long nuage blanc pour prendre de l\u2019exp\u00e9rience internationale. Ainsi <strong>R\u00e9gis Montagne <\/strong>devrait connaitre sa premi\u00e8re cape d\u00e8s cette semaine (sur le banc pour le premier test) pendant que <strong>Baptiste Jauneau et Killian Tixeront<\/strong> signeront leur deuxi\u00e8me s\u00e9lections tricolores (apr\u00e8s la tourn\u00e9e en Am\u00e9rique du Sud 2024). <strong>L\u00e9on Darricarr\u00e8re<\/strong>, qui a lui aussi rejoint la s\u00e9lection tricolore, est dans les starting-blocks pour les deux prochains tests face au Blacks les 12 et 19 juillet.<\/p>\n<p>\u00a0<\/p>\n<p>Chez les jeunes coqs, <strong>R\u00e9my Lanen<\/strong>, devrait lui aussi connaitre demain face au Pays de Galles sa premi\u00e8re s\u00e9lection tricolore avec les Bleuets lors du deuxi\u00e8me match de poule de la Coupe du Monde en Italie. <strong>Baptiste Britz<\/strong>, titulaire et excellent lors du premier match face \u00e0 l\u2019Espagne devrait rapidement avoir \u00e0 nouveau du temps de jeu dans cette comp\u00e9tition \u00e0 laquelle participe \u00e9galement <strong>Piero Gritti<\/strong> (2\u00e8me Ligne italien), <strong>Beltran Ortega<\/strong> (ailier espagnol) et <strong>Victor Emmanuel Ofojetu<\/strong> (2\/3\u00e8me ligne espagnol).<\/p>\n<p>\u00a0<\/p>\n<p>Les deux argentins, <strong>Bautista Delguy et Marcos Kremer<\/strong> ne disputeront pas le test ce samedi face \u00e0 l\u2019Angleterre mais seront int\u00e9gr\u00e9s avec les Pumas pour pr\u00e9parer le Rugby Championship 2025 que les Argentins d\u00e9buteront \u00e0 domicile le 16 aout face \u00e0 la Nouvelle-Z\u00e9lande.<\/p>\n<p>\u00a0<\/p>\n<p><strong>Giorgi Akhaladze<\/strong> est lui aussi en s\u00e9lection avec la G\u00e9orgie qui affrontera ce week-end l\u2019Irlande \u00e0 Tsbilisi. Enfin <strong>Michael Ala\u2019Alatoa<\/strong> d\u00e9bute une longue p\u00e9riode internationale avec sa s\u00e9lection des Samoa qui rencontrera cet \u00e9t\u00e9 l\u2019Ecosse avant de disputer le tournoi qualificatif pour de la Coupe du Monde (du 23 ao\u00fbt ou 20 septembre si Finale \u00e0 Salt Lake City).<\/p>\n<p>\u00a0<\/p>\n<p><strong>10 jeunes joueurs int\u00e9gr\u00e9s \u00e0 l\u2019intersaison des Pros<\/strong><\/p>\n<p>\u00a0<\/p>\n<p>Aucun des internationaux sollicit\u00e9s cet \u00e9t\u00e9 ne sera pr\u00e9sent \u00e0 la reprise programm\u00e9e le 21 juillet. En revanche, plusieurs jeunes joueurs \u00e0 fort potentiel participeront \u00e0 la pr\u00e9paration des pro\u00a0: <strong>Giga Tutisani<\/strong> (pilier), <strong>Tom Belkessa<\/strong> (talonneur), <strong>Math\u00e9o Frisach <\/strong>(pilier), <strong>L\u00e9o Michaux<\/strong> (Seconde ligne), <strong>Baptiste Veschambre<\/strong>(troisi\u00e8me ligne), <strong>Antoine Chalus Cercy <\/strong>(troisi\u00e8me ligne), <strong>Niek Doornebal<\/strong> (demi-de-m\u00eal\u00e9e), <strong>Juan Montilla<\/strong>(ouvreur), <strong>Lucas Marquet<\/strong> (ailier) et <strong>Axel Guillaud<\/strong> (arri\u00e8re).<\/p>\n","protected":false},"excerpt":{"rendered":"Le troisi\u00e8me ligne clermontois, Killian Tixeront (une s\u00e9lection), d\u00e9butera samedi \u00e0 Dunedin (\u00e0 9h05 en direct sur Canal&hellip;\n","protected":false},"author":2,"featured_media":224551,"comment_status":"","ping_status":"","sticky":false,"template":"","format":"standard","meta":{"footnotes":""},"categories":[1416],"tags":[1011,27,479,1468,60],"class_list":{"0":"post-224550","1":"post","2":"type-post","3":"status-publish","4":"format-standard","5":"has-post-thumbnail","7":"category-rugby","8":"tag-fr","9":"tag-france","10":"tag-rugby","11":"tag-rugby-football","12":"tag-sports"},"share_on_mastodon":{"url":"https:\/\/pubeurope.com\/@fr\/114792545918207796","error":""},"_links":{"self":[{"href":"https:\/\/www.europesays.com\/fr\/wp-json\/wp\/v2\/posts\/224550","targetHints":{"allow":["GET"]}}],"collection":[{"href":"https:\/\/www.europesays.com\/fr\/wp-json\/wp\/v2\/posts"}],"about":[{"href":"https:\/\/www.europesays.com\/fr\/wp-json\/wp\/v2\/types\/post"}],"author":[{"embeddable":true,"href":"https:\/\/www.europesays.com\/fr\/wp-json\/wp\/v2\/users\/2"}],"replies":[{"embeddable":true,"href":"https:\/\/www.europesays.com\/fr\/wp-json\/wp\/v2\/comments?post=224550"}],"version-history":[{"count":0,"href":"https:\/\/www.europesays.com\/fr\/wp-json\/wp\/v2\/posts\/224550\/revisions"}],"wp:featuredmedia":[{"embeddable":true,"href":"https:\/\/www.europesays.com\/fr\/wp-json\/wp\/v2\/media\/224551"}],"wp:attachment":[{"href":"https:\/\/www.europesays.com\/fr\/wp-json\/wp\/v2\/media?parent=224550"}],"wp:term":[{"taxonomy":"category","embeddable":true,"href":"https:\/\/www.europesays.com\/fr\/wp-json\/wp\/v2\/categories?post=224550"},{"taxonomy":"post_tag","embeddable":true,"href":"https:\/\/www.europesays.com\/fr\/wp-json\/wp\/v2\/tags?post=224550"}],"curies":[{"name":"wp","href":"https:\/\/api.w.org\/{rel}","templated":true}]}}