{"id":224572,"date":"2025-07-04T02:25:13","date_gmt":"2025-07-04T02:25:13","guid":{"rendered":"https:\/\/www.europesays.com\/fr\/224572\/"},"modified":"2025-07-04T02:25:13","modified_gmt":"2025-07-04T02:25:13","slug":"une-nouvelle-technique-dirm-permet-dobtenir-des-images-dune-precision-inedite","status":"publish","type":"post","link":"https:\/\/www.europesays.com\/fr\/224572\/","title":{"rendered":"une nouvelle technique d\u2019IRM permet d\u2019obtenir des images d\u2019une pr\u00e9cision in\u00e9dite"},"content":{"rendered":"<p>                         <img loading=\"lazy\" decoding=\"async\" src=\"https:\/\/www.europesays.com\/fr\/wp-content\/uploads\/2025\/07\/722d480_upload-1-dwglymjb7j7y-irm-pediatrique-255-cervelets-7t-enfants.png\" alt=\"IRM d\u2019un cervelet  sain d\u2019enfant avec un champ magn\u00e9tique de 7\u00a0teslas.\"   width=\"664\" height=\"443\"\/>    IRM d\u2019un cervelet  sain d\u2019enfant avec un champ magn\u00e9tique de 7\u00a0teslas.  CEA                           <img loading=\"lazy\" decoding=\"async\" src=\"https:\/\/www.europesays.com\/fr\/wp-content\/uploads\/2025\/07\/cde037d_upload-1-lgqhyuizecg8-airm-pediatrique-256-cervelet-sain-1-5t.jpg\" alt=\"IRM d\u2019un cervelet sain d\u2019enfant avec un champ magn\u00e9tique de 1,5\u00a0tesla.\"   width=\"664\" height=\"443\"\/>    IRM d\u2019un cervelet sain d\u2019enfant avec un champ magn\u00e9tique de 1,5\u00a0tesla.  CEA                 <\/p>\n<p class=\"article__paragraph  \">Six enfants de 6 \u00e0 12\u00a0ans se sont pr\u00eat\u00e9s au jeu des \u00ab\u00a0astronautes du cerveau\u00a0\u00bb en faufilant leur t\u00eate, au printemps, dans le tunnel d\u2019un appareil d\u2019imagerie par r\u00e9sonance magn\u00e9tique (IRM). Une premi\u00e8re en France, r\u00e9alis\u00e9e au centre NeuroSpin du CEA Paris-Saclay, qui permet de scanner le cerveau juv\u00e9nile avec une pr\u00e9cision in\u00e9dite, par une technique d\u2019IRM \u00e0 7\u00a0teslas.<\/p>\n<p class=\"article__paragraph  \">\u00ab\u00a0C\u2019est un outil assez exceptionnel pour \u00e9tudier les troubles du neurod\u00e9veloppement et les maladies du cerveau de l\u2019enfant\u00a0\u00bb, souligne David Germanaud, neurop\u00e9diatre \u00e0 l\u2019Institut Robert-Debr\u00e9 du cerveau de l\u2019enfant. Utilis\u00e9 dans le cadre de protocoles de recherches, l\u2019examen a \u00e9t\u00e9 r\u00e9alis\u00e9 chez cinq enfants de 6 \u00e0 12\u00a0ans au d\u00e9veloppement c\u00e9r\u00e9bral typique\u00a0; et chez une fillette de 12\u00a0ans atteinte de syndrome d\u2019alcoolisation f\u0153tale, un trouble du neurod\u00e9veloppement li\u00e9 \u00e0 une exposition \u00e0 l\u2019alcool durant la grossesse.<\/p>\n<p class=\"reading-mode-only \"><strong>Il vous reste 85.63% de cet article \u00e0 lire. La suite est r\u00e9serv\u00e9e aux abonn\u00e9s.<\/strong><\/p>\n","protected":false},"excerpt":{"rendered":"IRM d\u2019un cervelet sain d\u2019enfant avec un champ magn\u00e9tique de 7\u00a0teslas. CEA IRM d\u2019un cervelet sain d\u2019enfant avec&hellip;\n","protected":false},"author":2,"featured_media":224573,"comment_status":"","ping_status":"","sticky":false,"template":"","format":"standard","meta":{"footnotes":""},"categories":[10],"tags":[1011,27,72,71],"class_list":{"0":"post-224572","1":"post","2":"type-post","3":"status-publish","4":"format-standard","5":"has-post-thumbnail","7":"category-sante","8":"tag-fr","9":"tag-france","10":"tag-health","11":"tag-sante"},"share_on_mastodon":{"url":"https:\/\/pubeurope.com\/@fr\/114792597090770774","error":""},"_links":{"self":[{"href":"https:\/\/www.europesays.com\/fr\/wp-json\/wp\/v2\/posts\/224572","targetHints":{"allow":["GET"]}}],"collection":[{"href":"https:\/\/www.europesays.com\/fr\/wp-json\/wp\/v2\/posts"}],"about":[{"href":"https:\/\/www.europesays.com\/fr\/wp-json\/wp\/v2\/types\/post"}],"author":[{"embeddable":true,"href":"https:\/\/www.europesays.com\/fr\/wp-json\/wp\/v2\/users\/2"}],"replies":[{"embeddable":true,"href":"https:\/\/www.europesays.com\/fr\/wp-json\/wp\/v2\/comments?post=224572"}],"version-history":[{"count":0,"href":"https:\/\/www.europesays.com\/fr\/wp-json\/wp\/v2\/posts\/224572\/revisions"}],"wp:featuredmedia":[{"embeddable":true,"href":"https:\/\/www.europesays.com\/fr\/wp-json\/wp\/v2\/media\/224573"}],"wp:attachment":[{"href":"https:\/\/www.europesays.com\/fr\/wp-json\/wp\/v2\/media?parent=224572"}],"wp:term":[{"taxonomy":"category","embeddable":true,"href":"https:\/\/www.europesays.com\/fr\/wp-json\/wp\/v2\/categories?post=224572"},{"taxonomy":"post_tag","embeddable":true,"href":"https:\/\/www.europesays.com\/fr\/wp-json\/wp\/v2\/tags?post=224572"}],"curies":[{"name":"wp","href":"https:\/\/api.w.org\/{rel}","templated":true}]}}