{"id":22458,"date":"2025-04-13T15:09:15","date_gmt":"2025-04-13T15:09:15","guid":{"rendered":"https:\/\/www.europesays.com\/fr\/22458\/"},"modified":"2025-04-13T15:09:15","modified_gmt":"2025-04-13T15:09:15","slug":"litterature-top-depart-dun-marathon-de-lecture-de-24-heures-a-strasbourg","status":"publish","type":"post","link":"https:\/\/www.europesays.com\/fr\/22458\/","title":{"rendered":"Litt\u00e9rature. Top d\u00e9part d\u2019un marathon de lecture de 24 heures \u00e0 Strasbourg"},"content":{"rendered":"<p>Il est 16\u00a0h p\u00e9tantes, ce samedi 12\u00a0avril. Les yeux riv\u00e9s sur son texte, d\u2019une voix forte et assur\u00e9e, le directeur artistique de la compagnie Facteurs communs, Fred Cacheux, donne le coup d\u2019envoi d\u2019un marathon de la lecture, organis\u00e9 pour c\u00e9l\u00e9brer l\u2019\u00e9pilogue de \u201cLire notre monde\u201d, dans le cadre de <a href=\"https:\/\/www.dna.fr\/culture-loisirs\/culture-loisirs\/strasbourg-capitale-mondiale-du-livre\" target=\"_blank\" rel=\"nofollow noopener\">Strasbourg capitale mondiale du livre.<\/a> Comme lui, jusqu\u2019\u00e0 ce dimanche\u00a0\u00e0 16\u00a0h, plus de 400 personnes de 20 \u00e0 80 ans vont se succ\u00e9der en non-stop au pupitre install\u00e9 dans la nef du Mus\u00e9e d\u2019Art moderne et contemporain\u2026 Objectif\u00a0: lire dans son int\u00e9gralit\u00e9 L\u2019Art de la joie , sign\u00e9 Goliarda Sapienza. Une r\u00e9elle \u00e9preuve sportive\u00a0: dans ce marathon, ce ne sont pas les jambes qui sont sollicit\u00e9es, mais plut\u00f4t la mati\u00e8re grise \u2013 autant pour les lecteurs, qui se relayent avec fluidit\u00e9, que pour les courageux auditeurs, amen\u00e9s, s\u2019ils le souhaitent, \u00e0 rester la nuit durant au mus\u00e9e.<\/p>\n<p>  Une cha\u00eene humaine pour d\u00e9fendre la lecture<\/p>\n<p>\u00ab\u00a0Le but est de cr\u00e9er une sorte de cha\u00eene humaine avec des personnes de tous les milieux, de cr\u00e9er des rencontres, mais aussi de faire entendre cette \u0153uvre\u00a0\u00bb, d\u00e9crit Marl\u00e8ne Bianchi, coordinatrice de l\u2019\u00e9v\u00e9nement pour la compagnie Facteurs communs. Ce roman, \u00e9crit entre\u00a01967 et\u00a01976, tourne autour du personnage de Modesta et raconte \u00ab\u00a0l\u2019\u00e9volution d\u2019une enfant \u00e0 une femme, f\u00e9ministe et r\u00e9volutionnaire\u00a0\u00bb, r\u00e9sume Marl\u00e8ne Bianchi. Une \u0153uvre et surtout une action hors normes \u00e0 laquelle Delphine Krupa, 49 ans, a \u00e9t\u00e9 imm\u00e9diatement r\u00e9ceptive. Deuxi\u00e8me lectrice \u00e0 prendre la parole, la professeure de fran\u00e7ais voit en cet \u00e9v\u00e8nement une fa\u00e7on de \u00ab\u00a0participer \u00e0 quelque chose de simple et d\u2019\u00e9vident, mais qui ne l\u2019est plus vraiment en ce moment\u00a0\u00bb. Et l\u2019occasion de prendre le temps \u2013 beaucoup de temps \u2013 pour se nourrir des mots.<\/p>\n","protected":false},"excerpt":{"rendered":"Il est 16\u00a0h p\u00e9tantes, ce samedi 12\u00a0avril. Les yeux riv\u00e9s sur son texte, d\u2019une voix forte et assur\u00e9e,&hellip;\n","protected":false},"author":2,"featured_media":22459,"comment_status":"","ping_status":"","sticky":false,"template":"","format":"standard","meta":{"footnotes":""},"categories":[2820],"tags":[1111,11,2389,1687,2880,1777,674,107,1011,27,775,2410,12,25,640,2879],"class_list":{"0":"post-22458","1":"post","2":"type-post","3":"status-publish","4":"format-standard","5":"has-post-thumbnail","7":"category-strasbourg","8":"tag-actu","9":"tag-actualites","10":"tag-alsace","11":"tag-culture-loisirs","12":"tag-edition-strasbourg","13":"tag-eu","14":"tag-europe","15":"tag-fil-info","16":"tag-fr","17":"tag-france","18":"tag-grand-est","19":"tag-livres-bd","20":"tag-news","21":"tag-republique-francaise","22":"tag-strasbourg","23":"tag-strasbourg-ville"},"share_on_mastodon":{"url":"https:\/\/pubeurope.com\/@fr\/114331291681534556","error":""},"_links":{"self":[{"href":"https:\/\/www.europesays.com\/fr\/wp-json\/wp\/v2\/posts\/22458","targetHints":{"allow":["GET"]}}],"collection":[{"href":"https:\/\/www.europesays.com\/fr\/wp-json\/wp\/v2\/posts"}],"about":[{"href":"https:\/\/www.europesays.com\/fr\/wp-json\/wp\/v2\/types\/post"}],"author":[{"embeddable":true,"href":"https:\/\/www.europesays.com\/fr\/wp-json\/wp\/v2\/users\/2"}],"replies":[{"embeddable":true,"href":"https:\/\/www.europesays.com\/fr\/wp-json\/wp\/v2\/comments?post=22458"}],"version-history":[{"count":0,"href":"https:\/\/www.europesays.com\/fr\/wp-json\/wp\/v2\/posts\/22458\/revisions"}],"wp:featuredmedia":[{"embeddable":true,"href":"https:\/\/www.europesays.com\/fr\/wp-json\/wp\/v2\/media\/22459"}],"wp:attachment":[{"href":"https:\/\/www.europesays.com\/fr\/wp-json\/wp\/v2\/media?parent=22458"}],"wp:term":[{"taxonomy":"category","embeddable":true,"href":"https:\/\/www.europesays.com\/fr\/wp-json\/wp\/v2\/categories?post=22458"},{"taxonomy":"post_tag","embeddable":true,"href":"https:\/\/www.europesays.com\/fr\/wp-json\/wp\/v2\/tags?post=22458"}],"curies":[{"name":"wp","href":"https:\/\/api.w.org\/{rel}","templated":true}]}}