{"id":224584,"date":"2025-07-04T02:31:11","date_gmt":"2025-07-04T02:31:11","guid":{"rendered":"https:\/\/www.europesays.com\/fr\/224584\/"},"modified":"2025-07-04T02:31:11","modified_gmt":"2025-07-04T02:31:11","slug":"une-nouvelle-affaire-de-detournements-financiers-menace-le-rn-et-son-groupe-au-parlement-europeen-mediapart","status":"publish","type":"post","link":"https:\/\/www.europesays.com\/fr\/224584\/","title":{"rendered":"Une nouvelle affaire de d\u00e9tournements financiers menace le RN et son groupe au Parlement europ\u00e9en &#8211; Mediapart"},"content":{"rendered":"<ol>\n<li><a href=\"https:\/\/news.google.com\/rss\/articles\/CBMi3AFBVV95cUxOdnhQcllOWmFwYXB2ZW1hMDdDZjM3dGFXcDV2UDRCelZBWmZRNnJ4QXpidHZPUzhKYmNxTW1uSWRpYVoxdGhuRFRMQmpuMjF1ekdZb0VwdUJHLUxXSTBwNUJjV0haTWloZnpmWWxMVUc5SVpVQnpTV3RhNV9uVnM0YnRBVUY4eDhpLVNsQlQ5Zy1Td013X0NFSFkxeVJGVGd6MWI5NVNwY2xqSjU2NHg1TVN5QVJTQ3E3SFgyaVgzSWxBSlhUcWlhMXFIUF9MZFFJNlNkbjZoSDhnZUI4?oc=5\" target=\"_blank\" rel=\"noopener\">Une nouvelle affaire de d\u00e9tournements financiers menace le RN et son groupe au Parlement europ\u00e9en<\/a>&nbsp;&nbsp;Mediapart<\/li>\n<li><a href=\"https:\/\/news.google.com\/rss\/articles\/CBMiiwJBVV95cUxPOWttR2E5SXQyZEpfYUtKUVhrYnBUbkhyREZsUlc4ei1QV2xYLWNXczR0M0RQZXZpRzZqQy02T0VscnUxcF90bVVCWTJlZFJkTmlGTC0ySElYWHprQVVUbUdqaVRHVVMyY3RMVWhyTk5sSW9BaGJxMWJxa1FDWXJ2UmlUd0JlR0hyX1NQZTQzNnJJOVVnVV9DZFp1cUpjQVM4bXJuYVdObjZhQnNMQjB4aHhVT3AzTGpoRXpJMktJX3M5WTdKUDZhTERGdVFsWG5fWi1HOFVXQUx3b1E1OVFwLTMwM05aVDJtNWJtbHZwVXlzTE5CQml0cGxzNDZmWXcwWmp2UndDUlcxajg?oc=5\" target=\"_blank\" rel=\"noopener\">Le RN et ses alli\u00e9s menac\u00e9s par une nouvelle affaire de d\u00e9tournements financiers au Parlement europ\u00e9en<\/a>&nbsp;&nbsp;Le Monde.fr<\/li>\n<li><a href=\"https:\/\/news.google.com\/rss\/articles\/CBMigAJBVV95cUxOQ2dHZ3dCR1NUUDB0MTJNNmF2LThkekR6eEZsdHk3LUVXR05NVmVNb2YzbV9QMnhkLXBZT0s3NXpjU19XSlNyVEs3UW9kR2pDcUhrNG5Yb2kyc0VSUTdVRnRudjFMNzBCbzFGNlpLSGVoSFZkcFVtTW1aMTF3RElDaElVbGFlYkt2QVltZHo3QXBKNjFmSXBfdkQ4VUI5Q3RXXzVmckxuR2VHNDFPU19xOExrVFoxc2pkQnBtdlZ6alg0VFFUVkx5X0J3bEQ0dlNacERNT1NoWlhITWtCc29hMGxzZDdNbGc3R2tNUGhwLUlSWXd1Z2Z0RFhiUWJWMmdZ?oc=5\" target=\"_blank\" rel=\"noopener\">Parlement europ\u00e9en : le Rassemblement national \u00e0 nouveau mis en cause dans une affaire de d\u00e9tournements financiers<\/a>&nbsp;&nbsp;Actualit\u00e9s \u2013 Orange<\/li>\n<li><a href=\"https:\/\/news.google.com\/rss\/articles\/CBMi4gFBVV95cUxPZDFtWlVkbkd0WHpXamRZUF9IOWdrd1UxSVQwV3Ztc2h6NExlWThQVTdaSzNmNTZQUEpxcHowV1dqNzhOWE1PdklvbFpNTkZQbjNrX2wtcDIyNUlfS3BuZmRVWWVoNzE4NzhIR3RUNnNNclJxZEpZbkM4OWMybWE5ZWZGaDUtRlp1MnBDbHpVRFM4OFJ3WUNiVFIycE1mSlgxN2tfcUZEcjZhdXhqZ1dOaHRqWlVMSjlMU0lySUUtNkRjMW10b1QzMXhPNVpTUEtwVHYwa0V1SXNnY0hvOEdtOWhR?oc=5\" target=\"_blank\" rel=\"noopener\">Apr\u00e8s les assistants parlementaires, d\u2019autres irr\u00e9gularit\u00e9s imput\u00e9es au RN<\/a>&nbsp;&nbsp;20 Minutes<\/li>\n<li><a href=\"https:\/\/news.google.com\/rss\/articles\/CBMilAFBVV95cUxOeU5ib01jMEt4WXozZkswLW5jYnFvRGFvb2dqY25tOHN5U3ZDbURpcWF0T3VJN2EwNlNvNnJ1WktRQmpTY21HWmZVVE0zc2xLQzEyd0RsOGhmYTN4SXlhSmFwRnJxMVMtZzVKZnNaaGpoT1VROHVrUHNhS1NhQVV2VHgxRkwwTERUWnktbkwxd3g4el95?oc=5\" target=\"_blank\" rel=\"noopener\">D\u00e9tournement de fonds europ\u00e9ens : un nouveau cas ?<\/a>&nbsp;&nbsp;Arte.tv<\/li>\n<\/ol>\n","protected":false},"excerpt":{"rendered":"Une nouvelle affaire de d\u00e9tournements financiers menace le RN et son groupe au Parlement europ\u00e9en&nbsp;&nbsp;Mediapart Le RN et&hellip;\n","protected":false},"author":2,"featured_media":224585,"comment_status":"","ping_status":"","sticky":false,"template":"","format":"standard","meta":{"footnotes":""},"categories":[4],"tags":[11,1076,1011,27,36354,12,8552,1078,25],"class_list":{"0":"post-224584","1":"post","2":"type-post","3":"status-publish","4":"format-standard","5":"has-post-thumbnail","7":"category-france","8":"tag-actualites","9":"tag-extreme-droite","10":"tag-fr","11":"tag-france","12":"tag-gud-connection","13":"tag-news","14":"tag-parlement-europeen","15":"tag-rassemblement-national","16":"tag-republique-francaise"},"share_on_mastodon":{"url":"https:\/\/pubeurope.com\/@fr\/114792620635981541","error":""},"_links":{"self":[{"href":"https:\/\/www.europesays.com\/fr\/wp-json\/wp\/v2\/posts\/224584","targetHints":{"allow":["GET"]}}],"collection":[{"href":"https:\/\/www.europesays.com\/fr\/wp-json\/wp\/v2\/posts"}],"about":[{"href":"https:\/\/www.europesays.com\/fr\/wp-json\/wp\/v2\/types\/post"}],"author":[{"embeddable":true,"href":"https:\/\/www.europesays.com\/fr\/wp-json\/wp\/v2\/users\/2"}],"replies":[{"embeddable":true,"href":"https:\/\/www.europesays.com\/fr\/wp-json\/wp\/v2\/comments?post=224584"}],"version-history":[{"count":0,"href":"https:\/\/www.europesays.com\/fr\/wp-json\/wp\/v2\/posts\/224584\/revisions"}],"wp:featuredmedia":[{"embeddable":true,"href":"https:\/\/www.europesays.com\/fr\/wp-json\/wp\/v2\/media\/224585"}],"wp:attachment":[{"href":"https:\/\/www.europesays.com\/fr\/wp-json\/wp\/v2\/media?parent=224584"}],"wp:term":[{"taxonomy":"category","embeddable":true,"href":"https:\/\/www.europesays.com\/fr\/wp-json\/wp\/v2\/categories?post=224584"},{"taxonomy":"post_tag","embeddable":true,"href":"https:\/\/www.europesays.com\/fr\/wp-json\/wp\/v2\/tags?post=224584"}],"curies":[{"name":"wp","href":"https:\/\/api.w.org\/{rel}","templated":true}]}}