{"id":224586,"date":"2025-07-04T02:32:19","date_gmt":"2025-07-04T02:32:19","guid":{"rendered":"https:\/\/www.europesays.com\/fr\/224586\/"},"modified":"2025-07-04T02:32:19","modified_gmt":"2025-07-04T02:32:19","slug":"nathalie-est-a-bout-de-nerf","status":"publish","type":"post","link":"https:\/\/www.europesays.com\/fr\/224586\/","title":{"rendered":"Nathalie est \u00e0 bout de nerf"},"content":{"rendered":"<p>            Par<br \/>\n        <strong><br \/>\n            <a href=\"https:\/\/actu.fr\/auteur\/theophile-blondet\" title=\"Consulter tous les articles de Theophile Blondet\" target=\"_blank\" rel=\"noopener\">Theophile Blondet<\/a><br \/>\n        <\/strong><\/p>\n<p>        Publi\u00e9 le<\/p>\n<p>            3 juil. 2025 \u00e0 17h57<br \/>\n        ; mis \u00e0 jour le 3 juil. 2025 \u00e0 18h02    <\/p>\n<p>Elle est d\u00e9go\u00fbt\u00e9e. Nathalie, habitante de la M\u00e9tropole de Lyon, devait partir avec son conjoint en direction des Pouilles, en Italie du 3 juillet au 10 juillet.\u00a0Mais en raison de la gr\u00e8ve des contr\u00f4leurs a\u00e9riens, <a href=\"https:\/\/actu.fr\/auvergne-rhone-alpes\/colombier-saugnieu_69299\/aeroport-de-lyon-plein-de-vols-annules-pour-les-departs-en-vacances-et-ca-va-continuer_62862112.html\" target=\"_blank\" rel=\"noopener\">obligeant les compagnies a\u00e9riennes \u00e0 diminuer de 30% leur trafic pour la journ\u00e9e<\/a>, son vol a \u00e9t\u00e9 annul\u00e9.\u00a0<br \/>\u00ab\u00a0C\u2019\u00e9taient nos seules vacances \u00e0 l\u2019\u00e9tranger de l\u2019ann\u00e9e. On a les boules\u00a0\u00bb, explique-t-elle \u00e0 actu Lyon.\u00a0<\/p>\n<p>Une mauvaise surprise au r\u00e9veil<\/p>\n<p class=\" wall-content\">Ayant entendu qu\u2019une gr\u00e8ve touchait l\u2019a\u00e9roport de Lyon, Nathalie s\u2019est tout de m\u00eame renseign\u00e9e la veille de son d\u00e9part, soit ce mercredi 2 juillet. \u00ab\u00a0Lorsque j\u2019ai regard\u00e9 la veille, j\u2019ai vu qu\u2019il \u00e9tait retard\u00e9 de 15 minutes. Rien d\u2019alarmant\u00a0\u00bb.\u00a0<\/p>\n<p class=\" wall-content\">Mais c\u2019est au r\u00e9veil qu\u2019elle a eu une mauvaise surprise. \u00ab\u00a0Le lendemain, jour du d\u00e9part, j\u2019ai re\u00e7u un SMS \u00e0 1h09 m\u2019indiquant que mon vol a \u00e9t\u00e9 annul\u00e9\u00a0\u00bb, pr\u00e9cise-t-elle, d\u00e9convenue.<\/p>\n<p class=\" wall-content\">\u00ab\u00a0On a essay\u00e9 de trouver une alternative, mais depuis l\u2019a\u00e9roport de Gen\u00e8ve, les prix des vols repr\u00e9sentaient le double de notre billet d\u00e9j\u00e0 pay\u00e9\u00a0\u00bb.\u00a0<\/p>\n<p>Des centaines d\u2019euros perdus<\/p>\n<p class=\" wall-content\">Au lieu de partir en vacances, Nathalie a donc d\u00fb tenter de se faire rembourser ses diff\u00e9rentes d\u00e9penses. Pour deux, le vol a co\u00fbt\u00e9 440\u20ac en aller-retour, les deux h\u00f4tels 695\u20ac, la voiture de location 200\u20ac et l\u2019agence de voyage 228\u20ac.<\/p>\n<p class=\" wall-content\">Au total, pas moins de 1563\u20ac avanc\u00e9s \u00e0 deux, pour une semaine de vacances en Italie.\u00a0<\/p>\n<p class=\" wall-content\">Le couple a donc entam\u00e9 les demandes de remboursement. \u00ab\u00a0J\u2019esp\u00e8re que le <a href=\"https:\/\/actu.fr\/auvergne-rhone-alpes\/colombier-saugnieu_69299\/un-airbus-easyjet-deroute-dans-tous-les-sens-le-sacre-periple-des-passagers-du-vol-lyon-funchal_62855887.html\" target=\"_blank\" rel=\"noopener\">vol<\/a> sera rembours\u00e9, nous sommes en attente. Pour la voiture de location, c\u2019est bon, nous serons rembours\u00e9s sans frais normalement. Mais les h\u00f4tels nous ont impos\u00e9s 50% de frais d\u2019annulation et l\u2019agence de voyage ne nous remboursera pas\u00a0\u00bb.\u00a0<\/p>\n<p class=\" wall-content\">Au total, <strong>la gr\u00e8ve leur a co\u00fbt\u00e9\u00a0575,5\u20ac<\/strong>. Mais ce n\u2019est pas tout.\u00a0<\/p>\n<p>1000 euros la semaine en derni\u00e8re minute<\/p>\n<p class=\" wall-content\">Nathalie et son conjoint ont d\u00e9cid\u00e9 de partir tout de m\u00eame, mais en France. \u00ab\u00a0On a \u00e9t\u00e9 oblig\u00e9 de r\u00e9server \u00e0 la derni\u00e8re minute. Et il n\u2019y avait rien en dessous de 1000\u20ac la semaine\u00a0\u00bb.\u00a0<\/p>\n<p class=\" wall-content\">D\u00e9cision est prise de partir dans les Pyr\u00e9n\u00e9es-Orientales. Mais ces vacances auront d\u00e9finitivement un go\u00fbt amer.\u00a0<\/p>\n<p class=\" wall-content\">Suivez toute l\u2019actualit\u00e9 de vos villes et m\u00e9dias favoris en vous inscrivant \u00e0 <a href=\"https:\/\/moncompte.actu.fr\" title=\"D\u00e9couvez Mon Actu\" rel=\"nofollow noopener\" data-trk=\"{&quot;cta&quot;:{&quot;action&quot;:&quot;https:\\\/\\\/moncompte.actu.fr&quot;,&quot;category&quot;:&quot;mon compte&quot;,&quot;from&quot;:&quot;article footer&quot;,&quot;name&quot;:&quot;Mon actu&quot;,&quot;type&quot;:&quot;cta&quot;}}\" target=\"_blank\">Mon Actu<\/a>.<\/p>\n","protected":false},"excerpt":{"rendered":"Par Theophile Blondet Publi\u00e9 le 3 juil. 2025 \u00e0 17h57 ; mis \u00e0 jour le 3 juil. 2025&hellip;\n","protected":false},"author":2,"featured_media":224587,"comment_status":"","ping_status":"","sticky":false,"template":"","format":"standard","meta":{"footnotes":""},"categories":[2],"tags":[11,12526,33,1011,27,6151,12,3176],"class_list":{"0":"post-224586","1":"post","2":"type-post","3":"status-publish","4":"format-standard","5":"has-post-thumbnail","7":"category-actualites","8":"tag-actualites","9":"tag-aeroport-lyon-saint-exupery","10":"tag-economie","11":"tag-fr","12":"tag-france","13":"tag-greve","14":"tag-news","15":"tag-vacances-scolaires"},"share_on_mastodon":{"url":"https:\/\/pubeurope.com\/@fr\/114792624547914482","error":""},"_links":{"self":[{"href":"https:\/\/www.europesays.com\/fr\/wp-json\/wp\/v2\/posts\/224586","targetHints":{"allow":["GET"]}}],"collection":[{"href":"https:\/\/www.europesays.com\/fr\/wp-json\/wp\/v2\/posts"}],"about":[{"href":"https:\/\/www.europesays.com\/fr\/wp-json\/wp\/v2\/types\/post"}],"author":[{"embeddable":true,"href":"https:\/\/www.europesays.com\/fr\/wp-json\/wp\/v2\/users\/2"}],"replies":[{"embeddable":true,"href":"https:\/\/www.europesays.com\/fr\/wp-json\/wp\/v2\/comments?post=224586"}],"version-history":[{"count":0,"href":"https:\/\/www.europesays.com\/fr\/wp-json\/wp\/v2\/posts\/224586\/revisions"}],"wp:featuredmedia":[{"embeddable":true,"href":"https:\/\/www.europesays.com\/fr\/wp-json\/wp\/v2\/media\/224587"}],"wp:attachment":[{"href":"https:\/\/www.europesays.com\/fr\/wp-json\/wp\/v2\/media?parent=224586"}],"wp:term":[{"taxonomy":"category","embeddable":true,"href":"https:\/\/www.europesays.com\/fr\/wp-json\/wp\/v2\/categories?post=224586"},{"taxonomy":"post_tag","embeddable":true,"href":"https:\/\/www.europesays.com\/fr\/wp-json\/wp\/v2\/tags?post=224586"}],"curies":[{"name":"wp","href":"https:\/\/api.w.org\/{rel}","templated":true}]}}