{"id":224588,"date":"2025-07-04T02:33:31","date_gmt":"2025-07-04T02:33:31","guid":{"rendered":"https:\/\/www.europesays.com\/fr\/224588\/"},"modified":"2025-07-04T02:33:31","modified_gmt":"2025-07-04T02:33:31","slug":"la-tour-en-jarez-letrat-un-don-du-sang-organise-a-lespace-gabriel-rouchon-le-9-juillet","status":"publish","type":"post","link":"https:\/\/www.europesays.com\/fr\/224588\/","title":{"rendered":"La Tour-en-Jarez, l&rsquo;Etrat. Un don du sang organis\u00e9 \u00e0 l\u2019espace Gabriel-Rouchon le 9\u00a0juillet"},"content":{"rendered":"<p>Lundi, l\u2019association des donneurs de sang L\u2019\u00c9trat La Tour-en-Jarez a install\u00e9 sur la rambarde pr\u00e8s du restaurant Tour de Table, Croix Maladi\u00e8re, un panneau donnant les jours de don du sang. \u00ab\u00a0Nous remercions les deux communes de nous avoir permis de financer ce panneau. Nous l\u2019avons install\u00e9pour qu\u2019il soit visible sur ce carrefour. En cette p\u00e9riode de vacances, les stocks sont au plus bas et nous comptons sur de nombreux donneurs\u00a0\u00bb, indique Michel Murat de l\u2019association, en donnant rendez-vous lundi 9\u00a0juillet, de 16\u00a0\u00e0 20\u00a0heures \u00e0 l\u2019espace Gabriel-Rouchon.<\/p>\n","protected":false},"excerpt":{"rendered":"Lundi, l\u2019association des donneurs de sang L\u2019\u00c9trat La Tour-en-Jarez a install\u00e9 sur la rambarde pr\u00e8s du restaurant Tour&hellip;\n","protected":false},"author":2,"featured_media":224589,"comment_status":"","ping_status":"","sticky":false,"template":"","format":"standard","meta":{"footnotes":""},"categories":[9653],"tags":[1111,11,2430,7539,1777,674,1011,27,36355,12,25,4001,9664,104,1631],"class_list":{"0":"post-224588","1":"post","2":"type-post","3":"status-publish","4":"format-standard","5":"has-post-thumbnail","7":"category-saint-etienne","8":"tag-actu","9":"tag-actualites","10":"tag-auvergne-rhone-alpes","11":"tag-edition-loire-sud","12":"tag-eu","13":"tag-europe","14":"tag-fr","15":"tag-france","16":"tag-la-tour-en-jarez","17":"tag-news","18":"tag-republique-francaise","19":"tag-saint-etienne","20":"tag-saint-etienne-bassin","21":"tag-societe","22":"tag-vie-associative"},"share_on_mastodon":{"url":"https:\/\/pubeurope.com\/@fr\/114792628420401590","error":""},"_links":{"self":[{"href":"https:\/\/www.europesays.com\/fr\/wp-json\/wp\/v2\/posts\/224588","targetHints":{"allow":["GET"]}}],"collection":[{"href":"https:\/\/www.europesays.com\/fr\/wp-json\/wp\/v2\/posts"}],"about":[{"href":"https:\/\/www.europesays.com\/fr\/wp-json\/wp\/v2\/types\/post"}],"author":[{"embeddable":true,"href":"https:\/\/www.europesays.com\/fr\/wp-json\/wp\/v2\/users\/2"}],"replies":[{"embeddable":true,"href":"https:\/\/www.europesays.com\/fr\/wp-json\/wp\/v2\/comments?post=224588"}],"version-history":[{"count":0,"href":"https:\/\/www.europesays.com\/fr\/wp-json\/wp\/v2\/posts\/224588\/revisions"}],"wp:featuredmedia":[{"embeddable":true,"href":"https:\/\/www.europesays.com\/fr\/wp-json\/wp\/v2\/media\/224589"}],"wp:attachment":[{"href":"https:\/\/www.europesays.com\/fr\/wp-json\/wp\/v2\/media?parent=224588"}],"wp:term":[{"taxonomy":"category","embeddable":true,"href":"https:\/\/www.europesays.com\/fr\/wp-json\/wp\/v2\/categories?post=224588"},{"taxonomy":"post_tag","embeddable":true,"href":"https:\/\/www.europesays.com\/fr\/wp-json\/wp\/v2\/tags?post=224588"}],"curies":[{"name":"wp","href":"https:\/\/api.w.org\/{rel}","templated":true}]}}