{"id":224591,"date":"2025-07-04T02:36:56","date_gmt":"2025-07-04T02:36:56","guid":{"rendered":"https:\/\/www.europesays.com\/fr\/224591\/"},"modified":"2025-07-04T02:36:56","modified_gmt":"2025-07-04T02:36:56","slug":"photos-un-convoi-exceptionnel-de-165-tonnes-qui-traversait-le-grand-nancy-menace-de-tomber-dans-le-canal-a-hauteur-de-jarville","status":"publish","type":"post","link":"https:\/\/www.europesays.com\/fr\/224591\/","title":{"rendered":"Photos. Un convoi exceptionnel de 165 tonnes qui traversait le Grand Nancy menace de tomber dans le canal \u00e0 hauteur de Jarville"},"content":{"rendered":"<p>Un convoi exceptionnel de 30 m\u00e8tres de long, 6,5 m\u00e8tres de large et 7,5 m\u00e8tres de hauteur, pour un poids total de 165 tonnes traverse le Grand Nancy ce lundi.\u00a0Il s\u2019agit du transport, par l&rsquo;entreprise Wack de Rohrbach-l\u00e8s-Bitche, d\u2019une chaudi\u00e8re destin\u00e9e \u00e0 l\u2019entreprise Novacarb \u00e0 Laneuveville-devant-Nancy. Lors de la travers\u00e9e du pont Gabriel-Faur\u00e9 \u00e0 Jarville, le chargement s&rsquo;est mis en travers&#8230;<\/p>\n","protected":false},"excerpt":{"rendered":"Un convoi exceptionnel de 30 m\u00e8tres de long, 6,5 m\u00e8tres de large et 7,5 m\u00e8tres de hauteur, pour&hellip;\n","protected":false},"author":2,"featured_media":224592,"comment_status":"","ping_status":"","sticky":false,"template":"","format":"standard","meta":{"footnotes":""},"categories":[9635],"tags":[1111,11,33,1704,1706,1777,674,1011,27,5325,2798,775,3457,1702,12,3456,25,273,11703,2803],"class_list":{"0":"post-224591","1":"post","2":"type-post","3":"status-publish","4":"format-standard","5":"has-post-thumbnail","7":"category-nancy","8":"tag-actu","9":"tag-actualites","10":"tag-economie","11":"tag-edition-nancy-et-agglomeration","12":"tag-edition-pont-a-mousson","13":"tag-eu","14":"tag-europe","15":"tag-fr","16":"tag-france","17":"tag-galerie-media","18":"tag-galerie-photo","19":"tag-grand-est","20":"tag-meurthe-et-moselle","21":"tag-nancy","22":"tag-news","23":"tag-region-lorraine","24":"tag-republique-francaise","25":"tag-selection-de-la-redaction","26":"tag-tomblaine","27":"tag-transport"},"share_on_mastodon":{"url":"https:\/\/pubeurope.com\/@fr\/114792644167129269","error":""},"_links":{"self":[{"href":"https:\/\/www.europesays.com\/fr\/wp-json\/wp\/v2\/posts\/224591","targetHints":{"allow":["GET"]}}],"collection":[{"href":"https:\/\/www.europesays.com\/fr\/wp-json\/wp\/v2\/posts"}],"about":[{"href":"https:\/\/www.europesays.com\/fr\/wp-json\/wp\/v2\/types\/post"}],"author":[{"embeddable":true,"href":"https:\/\/www.europesays.com\/fr\/wp-json\/wp\/v2\/users\/2"}],"replies":[{"embeddable":true,"href":"https:\/\/www.europesays.com\/fr\/wp-json\/wp\/v2\/comments?post=224591"}],"version-history":[{"count":0,"href":"https:\/\/www.europesays.com\/fr\/wp-json\/wp\/v2\/posts\/224591\/revisions"}],"wp:featuredmedia":[{"embeddable":true,"href":"https:\/\/www.europesays.com\/fr\/wp-json\/wp\/v2\/media\/224592"}],"wp:attachment":[{"href":"https:\/\/www.europesays.com\/fr\/wp-json\/wp\/v2\/media?parent=224591"}],"wp:term":[{"taxonomy":"category","embeddable":true,"href":"https:\/\/www.europesays.com\/fr\/wp-json\/wp\/v2\/categories?post=224591"},{"taxonomy":"post_tag","embeddable":true,"href":"https:\/\/www.europesays.com\/fr\/wp-json\/wp\/v2\/tags?post=224591"}],"curies":[{"name":"wp","href":"https:\/\/api.w.org\/{rel}","templated":true}]}}