{"id":224595,"date":"2025-07-04T02:41:12","date_gmt":"2025-07-04T02:41:12","guid":{"rendered":"https:\/\/www.europesays.com\/fr\/224595\/"},"modified":"2025-07-04T02:41:12","modified_gmt":"2025-07-04T02:41:12","slug":"mercato-nathanael-mbuku-espere-par-laurent-nicollin-dimanche-ou-lundi-a-montpellier","status":"publish","type":"post","link":"https:\/\/www.europesays.com\/fr\/224595\/","title":{"rendered":"[Mercato] Nathana\u00ebl Mbuku, esp\u00e9r\u00e9 par Laurent Nicollin dimanche ou lundi \u00e0 Montpellier"},"content":{"rendered":"<p>Voil\u00e0 un dossier qui n\u2019en finit plus. C\u2019est le <a href=\"https:\/\/www.midilibre.fr\/2025\/07\/03\/mhsc-retarde-et-drague-par-metz-nathanael-mbuku-espere-dimanche-ou-lundi-par-le-president-laurent-nicollin-et-la-paillade-12803710.php\" title=\"\" rel=\"nofollow noopener\" target=\"_blank\">Midi Libre<\/a>, cette fois, qui partage ce nouveau rebondissement dans le dossier Nathana\u00ebl Mbuku qui, apr\u00e8s deux visites m\u00e9dicales annul\u00e9es, devrait bien rallier l\u2019H\u00e9rault pour se soumettre \u00e0 ce passage oblig\u00e9 avant son pr\u00eat au MHSC.<\/p>\n<p>Il est attendu dimanche soir ou lundi, par Laurent Nicollin lui-m\u00eame. Le Pr\u00e9sident h\u00e9raultais, qui ne nie pas que d\u2019autres clubs pourraient profiter de ces reports pour rafler la mise, comme le FC Metz, compte sur la parole du joueur. \u201cIl devait arriver hier soir (mercredi) pour attaquer la visite m\u00e9dicale. Aujourd\u2019hui, j\u2019esp\u00e8re qu\u2019il arrivera dimanche soir ou lundi pour attaquer semaine prochaine. (\u2026) Je peux comprendre qu\u2019on n\u2019a pas d\u2019attache personnelle avec le joueur et qu\u2019un club de L1, \u00e7a peut aussi l\u2019attirer. Nous sommes d\u2019accord avec Augsbourg sur le pr\u00eat, avec l\u2019option d\u2019chat. On est d\u2019accord sur le salaire, avec le joueur et l\u2019agent. (\u2026) Il a donn\u00e9 sa parole au coach. Il a aussi eu Bruno Carotti. J\u2019ose penser que les gens qui donnent leur parole, la respectent. Il n\u2019y a pas de raison qu\u2019il ne vienne pas.\u201c<\/p>\n<p><img loading=\"lazy\" title=\"AS Saint-Etienne v Rodez Aveyron Football - Ligue 2 BKT 20232024 - Playoffs 2 | AllezPaillade.com\" decoding=\"async\" width=\"1024\" height=\"683\" src=\"https:\/\/www.europesays.com\/fr\/wp-content\/uploads\/2025\/07\/IMG_1588-1024x683.jpeg\" alt=\"\" class=\"wp-image-171755\"  \/>Cr\u00e9dits IconSport<\/p>\n<p>Le quotidien r\u00e9gional \u00e9voque notamment des perturbations sur le r\u00e9seau a\u00e9rien comme justification <a href=\"https:\/\/www.allezpaillade.com\/transferts\/visite-medicale-encore-annulee-pour-nathanael-mbuku\/\" title=\"\" rel=\"nofollow noopener\" target=\"_blank\">au(x) pr\u00e9c\u00e9dent(s) report(s)<\/a>. D\u2019ici le week-end, les sp\u00e9culations au sujet de l\u2019international olympique risquent ainsi de ne pas faiblir, et les Pailladins devront donc prendre leur mal en patience pour officialiser leur 4e recrue apr\u00e8s les venues de Julien Laporte, Mathieu Michel et Naoufel El Hannach.<\/p>\n","protected":false},"excerpt":{"rendered":"Voil\u00e0 un dossier qui n\u2019en finit plus. C\u2019est le Midi Libre, cette fois, qui partage ce nouveau rebondissement&hellip;\n","protected":false},"author":2,"featured_media":224596,"comment_status":"","ping_status":"","sticky":false,"template":"","format":"standard","meta":{"footnotes":""},"categories":[9599],"tags":[328,1111,11,1777,674,1011,27,1434,2208,12,2680,25],"class_list":{"0":"post-224595","1":"post","2":"type-post","3":"status-publish","4":"format-standard","5":"has-post-thumbnail","7":"category-montpellier","8":"tag-a-la-une","9":"tag-actu","10":"tag-actualites","11":"tag-eu","12":"tag-europe","13":"tag-fr","14":"tag-france","15":"tag-mercato","16":"tag-montpellier","17":"tag-news","18":"tag-occitanie","19":"tag-republique-francaise"},"share_on_mastodon":{"url":"https:\/\/pubeurope.com\/@fr\/114792659966683593","error":""},"_links":{"self":[{"href":"https:\/\/www.europesays.com\/fr\/wp-json\/wp\/v2\/posts\/224595","targetHints":{"allow":["GET"]}}],"collection":[{"href":"https:\/\/www.europesays.com\/fr\/wp-json\/wp\/v2\/posts"}],"about":[{"href":"https:\/\/www.europesays.com\/fr\/wp-json\/wp\/v2\/types\/post"}],"author":[{"embeddable":true,"href":"https:\/\/www.europesays.com\/fr\/wp-json\/wp\/v2\/users\/2"}],"replies":[{"embeddable":true,"href":"https:\/\/www.europesays.com\/fr\/wp-json\/wp\/v2\/comments?post=224595"}],"version-history":[{"count":0,"href":"https:\/\/www.europesays.com\/fr\/wp-json\/wp\/v2\/posts\/224595\/revisions"}],"wp:featuredmedia":[{"embeddable":true,"href":"https:\/\/www.europesays.com\/fr\/wp-json\/wp\/v2\/media\/224596"}],"wp:attachment":[{"href":"https:\/\/www.europesays.com\/fr\/wp-json\/wp\/v2\/media?parent=224595"}],"wp:term":[{"taxonomy":"category","embeddable":true,"href":"https:\/\/www.europesays.com\/fr\/wp-json\/wp\/v2\/categories?post=224595"},{"taxonomy":"post_tag","embeddable":true,"href":"https:\/\/www.europesays.com\/fr\/wp-json\/wp\/v2\/tags?post=224595"}],"curies":[{"name":"wp","href":"https:\/\/api.w.org\/{rel}","templated":true}]}}