{"id":224597,"date":"2025-07-04T02:44:29","date_gmt":"2025-07-04T02:44:29","guid":{"rendered":"https:\/\/www.europesays.com\/fr\/224597\/"},"modified":"2025-07-04T02:44:29","modified_gmt":"2025-07-04T02:44:29","slug":"echirolles-le-stade-nautique-passe-a-lheure-dete-ce-samedi","status":"publish","type":"post","link":"https:\/\/www.europesays.com\/fr\/224597\/","title":{"rendered":"\u00c9chirolles. Le stade nautique passe \u00e0 l\u2019heure d\u2019\u00e9t\u00e9 ce samedi"},"content":{"rendered":"<p>La saison estivale du stade nautique d\u2019\u00c9chirolles sera officiellement lanc\u00e9e ce samedi 5\u00a0juillet. L\u2019\u00e9quipement sera ouvert tous les jours, de 10 heures \u00e0 19 heures non-stop (fermeture de la caisse \u00e0 18\u00a0h et \u00e9vacuation des bassins \u00e0 18\u00a0h\u00a030) jusqu\u2019au vendredi 29\u00a0ao\u00fbt.<\/p>\n<p>En plus des bassins (25\u00a0m et bassin \u00e9cole en int\u00e9rieur et bassin olympique dehors), le public a acc\u00e8s \u00e0 la pataugeoire destin\u00e9e aux plus petits, qui vient <a href=\"https:\/\/www.ledauphine.com\/culture-loisirs\/2025\/06\/14\/au-stade-nautique-la-pataugeoire-a-fait-peau-neuve\" target=\"_blank\" rel=\"noopener\">d\u2019\u00eatre refaite<\/a>. Sans oublier l\u2019espace vert arbor\u00e9, un terrain de volley, deux tables de ping-pong, un grand jeu acrobatique, une plage et un snack.<\/p>\n<p>L\u2019\u00e9t\u00e9 rime aussi avec le programme <a href=\"https:\/\/www.ledauphine.com\/culture-loisirs\/2024\/08\/02\/isere-echirolles-aqua-pour-les-jeunes-des-activites-en-plus-a-la-piscine\" target=\"_blank\" rel=\"noopener\">Aqua +<\/a>\u00a0pour les jeunes. \u00c0 partir du 7\u00a0juillet, tous les apr\u00e8s-midi du lundi au vendredi (13\u00a0h\u00a030 \u00e0 17\u00a0h), des \u00e9ducateurs sportifs proposent des activit\u00e9s ludiques dans l\u2019eau et hors de l\u2019eau.\u00a0Du 7\u00a0juillet au 1er \u00a0ao\u00fbt\u00a0: structure gonflable sur le bassin de 25 m\u00e8tres. Du 7\u00a0juillet au 29\u00a0ao\u00fbt\u00a0: animations sportives terrestres et aquatiques (soccer, beach-volley, sandball, tir \u00e0 l\u2019arc\u2026).\u00a0Inscription \u00e0 la cabane en bois 15 minutes avant le d\u00e9but des activit\u00e9s (gratuites pour ceux qui ont pay\u00e9 leur acc\u00e8s \u00e0 la piscine).<\/p>\n<p>C\u00f4t\u00e9 tarif, pour les \u00c9chirollois, c\u2019est 4\u00a0\u20ac l\u2019entr\u00e9e pour les adultes (sur justificatif), 2,70\u00a0\u20ac pour les moins de 16 ans et \u00e9tudiants (les enfants de moins de 10 ans doivent \u00eatre accompagn\u00e9s d\u2019un adulte).\u00a0L\u2019acc\u00e8s est gratuit pour les \u00c9chirollois de plus de 70 ans et pour les personnes porteuses de handicap (carte d\u2019invalidit\u00e9 \u00e9gale ou sup\u00e9rieure \u00e0 80\u00a0%). Pour les ext\u00e9rieurs, l\u2019entr\u00e9e adulte est \u00e0 5,70\u00a0\u20ac\u00a0et \u00e0 4,20\u00a0\u20ac pour les moins de 16 ans et \u00e9tudiants. Le bonnet de bain est obligatoire. Le stade nautique sera ensuite ferm\u00e9\u00a0du 30\u00a0ao\u00fbt au 14\u00a0septembre inclus.<\/p>\n<p class=\"note\">9, rue Fernand-Pelloutier \u00e0 \u00c9chirolles. Arr\u00eat de tram A (La Rampe) et bus C 7 (arr\u00eat Fernand-Pelloutier). Billetterie <a href=\"https:\/\/stadenautique-echirolles.horanet.com\/\" target=\"_blank\" rel=\"noopener\">en ligne<\/a> disponible. T\u00e9l.\u00a004\u00a076\u00a022\u00a026\u00a036.<\/p>\n","protected":false},"excerpt":{"rendered":"La saison estivale du stade nautique d\u2019\u00c9chirolles sera officiellement lanc\u00e9e ce samedi 5\u00a0juillet. L\u2019\u00e9quipement sera ouvert tous les&hellip;\n","protected":false},"author":2,"featured_media":224598,"comment_status":"","ping_status":"","sticky":false,"template":"","format":"standard","meta":{"footnotes":""},"categories":[9566],"tags":[1111,11,2430,1687,9852,9853,112,1777,674,1011,27,2731,108,12,25],"class_list":{"0":"post-224597","1":"post","2":"type-post","3":"status-publish","4":"format-standard","5":"has-post-thumbnail","7":"category-grenoble","8":"tag-actu","9":"tag-actualites","10":"tag-auvergne-rhone-alpes","11":"tag-culture-loisirs","12":"tag-echirolles","13":"tag-echirolles-bassin","14":"tag-edition-grenoble-agglomeration","15":"tag-eu","16":"tag-europe","17":"tag-fr","18":"tag-france","19":"tag-grenoble","20":"tag-isere","21":"tag-news","22":"tag-republique-francaise"},"share_on_mastodon":{"url":"https:\/\/pubeurope.com\/@fr\/114792671661344778","error":""},"_links":{"self":[{"href":"https:\/\/www.europesays.com\/fr\/wp-json\/wp\/v2\/posts\/224597","targetHints":{"allow":["GET"]}}],"collection":[{"href":"https:\/\/www.europesays.com\/fr\/wp-json\/wp\/v2\/posts"}],"about":[{"href":"https:\/\/www.europesays.com\/fr\/wp-json\/wp\/v2\/types\/post"}],"author":[{"embeddable":true,"href":"https:\/\/www.europesays.com\/fr\/wp-json\/wp\/v2\/users\/2"}],"replies":[{"embeddable":true,"href":"https:\/\/www.europesays.com\/fr\/wp-json\/wp\/v2\/comments?post=224597"}],"version-history":[{"count":0,"href":"https:\/\/www.europesays.com\/fr\/wp-json\/wp\/v2\/posts\/224597\/revisions"}],"wp:featuredmedia":[{"embeddable":true,"href":"https:\/\/www.europesays.com\/fr\/wp-json\/wp\/v2\/media\/224598"}],"wp:attachment":[{"href":"https:\/\/www.europesays.com\/fr\/wp-json\/wp\/v2\/media?parent=224597"}],"wp:term":[{"taxonomy":"category","embeddable":true,"href":"https:\/\/www.europesays.com\/fr\/wp-json\/wp\/v2\/categories?post=224597"},{"taxonomy":"post_tag","embeddable":true,"href":"https:\/\/www.europesays.com\/fr\/wp-json\/wp\/v2\/tags?post=224597"}],"curies":[{"name":"wp","href":"https:\/\/api.w.org\/{rel}","templated":true}]}}