{"id":224605,"date":"2025-07-04T02:48:27","date_gmt":"2025-07-04T02:48:27","guid":{"rendered":"https:\/\/www.europesays.com\/fr\/224605\/"},"modified":"2025-07-04T02:48:27","modified_gmt":"2025-07-04T02:48:27","slug":"haguenau-la-tournee-dete-du-theatre-de-la-choucrouterie-debarque-a-lespace-vieille-ile","status":"publish","type":"post","link":"https:\/\/www.europesays.com\/fr\/224605\/","title":{"rendered":"Haguenau. La tourn\u00e9e d\u2019\u00e9t\u00e9 du th\u00e9\u00e2tre de la Choucrouterie d\u00e9barque \u00e0 l\u2019espace Vieille-\u00cele"},"content":{"rendered":"<p>Depuis 1986, <a href=\"https:\/\/www.dna.fr\/culture-loisirs\/2024\/07\/26\/avec-la-chouc-il-y-a-a-boire-et-a-manger\" target=\"_blank\" rel=\"noopener\">la tourn\u00e9e d\u2019\u00e9t\u00e9<\/a> est le rendez-vous estival du th\u00e9\u00e2tre de la Choucrouterie. Le spectacle sera pr\u00e9sent\u00e9 \u00e0 Haguenau le 14\u00a0juillet \u00e0 l\u2019espace Vieille-\u00cele. Il comportera des chansons en plusieurs langues entrecoup\u00e9es d\u2019interm\u00e8des humoristiques. Il y aura aussi de la danse acrobatique et du hip-hop.<\/p>\n<p>  Un medley sur les v\u00e9los<\/p>\n<p>Le <a href=\"https:\/\/www.dna.fr\/culture-loisirs\/2025\/06\/12\/bis-ball-scholle-roland-kieffer-figure-du-theatre-de-la-choucrouterie-est-mort\" target=\"_blank\" rel=\"noopener\">Th\u00e9\u00e2tre de la Choucrouterie<\/a> entre en r\u00e9sidence au Point d\u2019eau \u00e0 Ostwald pour pr\u00e9parer sa 38e tourn\u00e9e. Sur le th\u00e8me de la vitesse, les com\u00e9diens chanteront les bateaux, les avions, les trains, les v\u00e9los\u2026 \u00e0 travers des titres connus, traduits en anglais, alsacien ou fran\u00e7ais.<\/p>\n<p>Ce contenu est bloqu\u00e9 car vous n&rsquo;avez pas accept\u00e9 les cookies et autres traceurs.<\/p>\n<p>En cliquant sur \u00ab J\u2019accepte \u00bb, les cookies et autres traceurs seront d\u00e9pos\u00e9s et vous pourrez visualiser les contenus  (<a href=\"\" class=\"consentModule_policy\" target=\"_blank\" title=\"Consulter la politique de protection des donn\u00e9es du fournisseur\">plus d&rsquo;informations<\/a>).<\/p>\n<p>En cliquant sur \u00ab J\u2019accepte tous les cookies \u00bb, vous autorisez des d\u00e9p\u00f4ts de cookies et autres traceurs pour le stockage de vos donn\u00e9es sur nos sites et applications \u00e0 des fins de personnalisation et de ciblage publicitaire.<\/p>\n<p class=\"consentModule_secondaryText\">Vous gardez la possibilit\u00e9 de retirer votre consentement \u00e0 tout moment en consultant notre <a href=\"https:\/\/www.dna.fr\/protection-des-donnees\" target=\"_blank\" title=\"Consulter notre politique de protection des donn\u00e9es\" rel=\"noopener\">politique de protection des donn\u00e9es<\/a>. <br \/>&#13;<br \/>\n            <a href=\"https:\/\/www.dna.fr\/culture-loisirs\/2025\/07\/03\/javascript:Didomi.notice.show()\" class=\"consentModule_cmp\" target=\"_blank\" rel=\"noopener\">G\u00e9rer mes choix<\/a>&#13;\n        <\/p>\n<p>&#13;<br \/>\n                        J&rsquo;accepte&#13;<br \/>\n            J&rsquo;accepte tous les cookies&#13;\n        <\/p>\n<p>Au programme, le public entendra notamment un medley sur les v\u00e9los\u00a0: Bicycle Race de Queen, \u00c0 Bicyclette de Yves Montant, ou de Bourvil\u2026 ou encore Drive my Car des Beatles, ou L\u2019Homme \u00e0 la moto,  version Edith Piaf.<\/p>\n<p>Le spectacle sera jou\u00e9 \u00e0 Haguenau le 14\u00a0juillet \u00e0 21\u00a0h, \u00e0 l\u2019espace Vieille-\u00cele. Comme d\u2019habitude, le concert est gratuit et se cl\u00f4turera par une qu\u00eate.<\/p>\n<p class=\"note\">Contact(s)\u00a0: Th\u00e9\u00e2tre de la Choucrouterie, 20 rue Saint-Louis, 67\u00a0000 STRASBOURG, 03\u00a088\u00a036\u00a007\u00a028, contact@theatredelachouc.com.<\/p>\n","protected":false},"excerpt":{"rendered":"Depuis 1986, la tourn\u00e9e d\u2019\u00e9t\u00e9 est le rendez-vous estival du th\u00e9\u00e2tre de la Choucrouterie. Le spectacle sera pr\u00e9sent\u00e9&hellip;\n","protected":false},"author":2,"featured_media":224606,"comment_status":"","ping_status":"","sticky":false,"template":"","format":"standard","meta":{"footnotes":""},"categories":[2820],"tags":[1111,11,1687,4877,27337,1777,674,107,1011,27,775,11642,12,25,11643,3140,640],"class_list":{"0":"post-224605","1":"post","2":"type-post","3":"status-publish","4":"format-standard","5":"has-post-thumbnail","7":"category-strasbourg","8":"tag-actu","9":"tag-actualites","10":"tag-culture-loisirs","11":"tag-edition-haguenau-wissembourg","12":"tag-estivales","13":"tag-eu","14":"tag-europe","15":"tag-fil-info","16":"tag-fr","17":"tag-france","18":"tag-grand-est","19":"tag-haguenau","20":"tag-news","21":"tag-republique-francaise","22":"tag-secteur-de-haguenau","23":"tag-spectacle","24":"tag-strasbourg"},"share_on_mastodon":{"url":"https:\/\/pubeurope.com\/@fr\/114792687393106591","error":""},"_links":{"self":[{"href":"https:\/\/www.europesays.com\/fr\/wp-json\/wp\/v2\/posts\/224605","targetHints":{"allow":["GET"]}}],"collection":[{"href":"https:\/\/www.europesays.com\/fr\/wp-json\/wp\/v2\/posts"}],"about":[{"href":"https:\/\/www.europesays.com\/fr\/wp-json\/wp\/v2\/types\/post"}],"author":[{"embeddable":true,"href":"https:\/\/www.europesays.com\/fr\/wp-json\/wp\/v2\/users\/2"}],"replies":[{"embeddable":true,"href":"https:\/\/www.europesays.com\/fr\/wp-json\/wp\/v2\/comments?post=224605"}],"version-history":[{"count":0,"href":"https:\/\/www.europesays.com\/fr\/wp-json\/wp\/v2\/posts\/224605\/revisions"}],"wp:featuredmedia":[{"embeddable":true,"href":"https:\/\/www.europesays.com\/fr\/wp-json\/wp\/v2\/media\/224606"}],"wp:attachment":[{"href":"https:\/\/www.europesays.com\/fr\/wp-json\/wp\/v2\/media?parent=224605"}],"wp:term":[{"taxonomy":"category","embeddable":true,"href":"https:\/\/www.europesays.com\/fr\/wp-json\/wp\/v2\/categories?post=224605"},{"taxonomy":"post_tag","embeddable":true,"href":"https:\/\/www.europesays.com\/fr\/wp-json\/wp\/v2\/tags?post=224605"}],"curies":[{"name":"wp","href":"https:\/\/api.w.org\/{rel}","templated":true}]}}