{"id":224607,"date":"2025-07-04T02:49:19","date_gmt":"2025-07-04T02:49:19","guid":{"rendered":"https:\/\/www.europesays.com\/fr\/224607\/"},"modified":"2025-07-04T02:49:19","modified_gmt":"2025-07-04T02:49:19","slug":"la-maire-de-strasbourg-jeanne-barseghian-candidate-a-sa-reelection-03-07-2025-a-2212","status":"publish","type":"post","link":"https:\/\/www.europesays.com\/fr\/224607\/","title":{"rendered":"La maire de Strasbourg Jeanne Barseghian candidate \u00e0 sa r\u00e9\u00e9lection &#8211; 03\/07\/2025 \u00e0 22:12"},"content":{"rendered":"<p>        <img fetchpriority=\"high\" decoding=\"async\" src=\"https:\/\/www.europesays.com\/fr\/wp-content\/uploads\/2025\/07\/4f14cee5def01d53ddc8b34ffe79d19f-760x506.jpg\" alt=\"Jeanne Barseghian sur une terrasse du centre administratif de Strasbourg, le 12 mai 2023 ( AFP \/ PATRICK HERTZOG )\" loading=\"eager\" width=\"760\" height=\"506\" style=\"max-width: 100%!important; height: auto;\"\/><\/p>\n<p class=\"c-image-news__legend\">Jeanne Barseghian sur une terrasse du centre administratif de Strasbourg, le 12 mai 2023 ( AFP \/ PATRICK HERTZOG )<\/p>\n<p>\n La maire de Strasbourg Jeanne Barseghian (Les Ecologistes) a annonc\u00e9 jeudi qu&rsquo;elle sera candidate aux \u00e9lections municipales de 2026 pour \u00ab\u00a0continuer \u00e0 se battre pour faire face \u00e0 l&rsquo;urgence \u00e9cologique et sociale\u00a0\u00bb.\n<\/p>\n<p>\n \u00ab\u00a0J&rsquo;ai voulu confirmer cette envie que j&rsquo;ai de me repr\u00e9senter comme maire pour un second mandat m\u00eame si je ne vais pas rentrer en campagne tout de suite\u00a0\u00bb, a d\u00e9clar\u00e9 Mme Barseghian \u00e0 l&rsquo;AFP.\n<\/p>\n<p>\n L&rsquo;annonce a \u00e9t\u00e9 faite jeudi lors d&rsquo;une soir\u00e9e organis\u00e9e par les groupes de la majorit\u00e9 municipale \u00ab\u00a0autour du bilan de ces cinq derni\u00e8res ann\u00e9es\u00a0\u00bb, qui \u00ab\u00a0a \u00e9t\u00e9 l&rsquo;occasion de rappeler les r\u00e9alisations qui ont \u00e9t\u00e9 men\u00e9es et aussi l&rsquo;importance de continuer \u00e0 se battre pour faire face \u00e0 l&rsquo;urgence \u00e9cologique et sociale\u00a0\u00bb, a-t-elle expliqu\u00e9, confirmant une information du journal local les Derni\u00e8res nouvelles d&rsquo;Alsace.\n<\/p>\n<p>\n Parmi les projets qu&rsquo;elle souhaite poursuivre, la maire a cit\u00e9 la relance du projet d&rsquo;extension du tramway vers le nord, apr\u00e8s le rejet du premier projet par la commission d&rsquo;enqu\u00eate publique; la transformation d&rsquo;ampleur de la gare, ou encore la vaste r\u00e9novation de l&rsquo;op\u00e9ra, au co\u00fbt estim\u00e9 \u00e0 120 millions d&rsquo;euros.\n<\/p>\n<p>\n \u00ab\u00a0Je constate aussi les besoins qui sont criants en mati\u00e8re d&rsquo;urgence climatique, on l&rsquo;a vu encore ces derniers jours avec la canicule, il faut qu&rsquo;on acc\u00e9l\u00e8re sur la r\u00e9novation des logements, la r\u00e9novation des b\u00e2timents publics, autant de choses qui me motivent \u00e0 aller de l&rsquo;avant\u00a0\u00bb, a-t-elle ajout\u00e9.\n<\/p>\n<p>\n En 2020, Jeanne Barseghian est devenue \u00e0 l&rsquo;\u00e2ge de 39 ans la premi\u00e8re \u00e9cologiste \u00e0 diriger la capitale alsacienne, succ\u00e9dant au socialiste Roland Ries.\n<\/p>\n<p>\n Alors qu&rsquo;elle conduit aujourd&rsquo;hui une majorit\u00e9 plurielle, Jeanne Barseghian se dit \u00ab\u00a0convaincue qu&rsquo;un rassemblement des forces de gauche \u00e9cologiste et citoyenne fait sens \u00e0 Strasbourg\u00a0\u00bb.\n<\/p>\n<p>\n \u00ab\u00a0Je plaide pour un rassemblement large et qui prenne aussi en compte la dimension citoyenne\u00a0\u00bb a indiqu\u00e9 Mme Barseghian.\n<\/p>\n<p>\n Ses opposants politiques se sont empress\u00e9s de r\u00e9agir, \u00e0 l&rsquo;instar du copr\u00e9sident du groupe Centristes et Progressistes, Pierre Jakubowicz, qui a fustig\u00e9 son bilan \u00ab\u00a0qui aura d\u00e9grad\u00e9 le vivre ensemble, la qualit\u00e9 et le cadre de vie, la solidarit\u00e9 et la s\u00e9curit\u00e9, le rayonnement et l&rsquo;attractivit\u00e9 de Strasbourg\u00a0\u00bb.\n<\/p>\n<p>\n \u00ab\u00a0En annon\u00e7ant sa candidature, la maire de Strasbourg offre aux Strasbourgeois l&rsquo;occasion d&rsquo;exprimer, par les urnes, le d\u00e9saveu massif d&rsquo;un mandat marqu\u00e9 par l&rsquo;inaction, les divisions et les renoncements\u00a0\u00bb, tacle pour sa part Renaissance dans un communiqu\u00e9.<\/p>\n","protected":false},"excerpt":{"rendered":"Jeanne Barseghian sur une terrasse du centre administratif de Strasbourg, le 12 mai 2023 ( AFP \/ PATRICK&hellip;\n","protected":false},"author":2,"featured_media":224608,"comment_status":"","ping_status":"","sticky":false,"template":"","format":"standard","meta":{"footnotes":""},"categories":[2820],"tags":[400,1111,11,398,408,405,1777,674,1011,27,775,403,402,399,404,12,25,401,640,406,407],"class_list":{"0":"post-224607","1":"post","2":"type-post","3":"status-publish","4":"format-standard","5":"has-post-thumbnail","7":"category-strasbourg","8":"tag-action-cac-40","9":"tag-actu","10":"tag-actualites","11":"tag-bourse-de-paris","12":"tag-boursorama","13":"tag-cotations","14":"tag-eu","15":"tag-europe","16":"tag-fr","17":"tag-france","18":"tag-grand-est","19":"tag-indices-devises","20":"tag-investir","21":"tag-investissement","22":"tag-marche-boursier","23":"tag-news","24":"tag-republique-francaise","25":"tag-sicav","26":"tag-strasbourg","27":"tag-trackers","28":"tag-warrants"},"share_on_mastodon":{"url":"https:\/\/pubeurope.com\/@fr\/114792691461861554","error":""},"_links":{"self":[{"href":"https:\/\/www.europesays.com\/fr\/wp-json\/wp\/v2\/posts\/224607","targetHints":{"allow":["GET"]}}],"collection":[{"href":"https:\/\/www.europesays.com\/fr\/wp-json\/wp\/v2\/posts"}],"about":[{"href":"https:\/\/www.europesays.com\/fr\/wp-json\/wp\/v2\/types\/post"}],"author":[{"embeddable":true,"href":"https:\/\/www.europesays.com\/fr\/wp-json\/wp\/v2\/users\/2"}],"replies":[{"embeddable":true,"href":"https:\/\/www.europesays.com\/fr\/wp-json\/wp\/v2\/comments?post=224607"}],"version-history":[{"count":0,"href":"https:\/\/www.europesays.com\/fr\/wp-json\/wp\/v2\/posts\/224607\/revisions"}],"wp:featuredmedia":[{"embeddable":true,"href":"https:\/\/www.europesays.com\/fr\/wp-json\/wp\/v2\/media\/224608"}],"wp:attachment":[{"href":"https:\/\/www.europesays.com\/fr\/wp-json\/wp\/v2\/media?parent=224607"}],"wp:term":[{"taxonomy":"category","embeddable":true,"href":"https:\/\/www.europesays.com\/fr\/wp-json\/wp\/v2\/categories?post=224607"},{"taxonomy":"post_tag","embeddable":true,"href":"https:\/\/www.europesays.com\/fr\/wp-json\/wp\/v2\/tags?post=224607"}],"curies":[{"name":"wp","href":"https:\/\/api.w.org\/{rel}","templated":true}]}}