{"id":224611,"date":"2025-07-04T02:51:15","date_gmt":"2025-07-04T02:51:15","guid":{"rendered":"https:\/\/www.europesays.com\/fr\/224611\/"},"modified":"2025-07-04T02:51:15","modified_gmt":"2025-07-04T02:51:15","slug":"vous-navez-pas-le-droit-quand-christian-estrosi-va-a-la-rencontre-dun-paquebot-de-croisiere-pour-lui-interdire-daccoster","status":"publish","type":"post","link":"https:\/\/www.europesays.com\/fr\/224611\/","title":{"rendered":"\u00ab\u00a0Vous n\u2019avez pas le droit\u00a0\u00bb\u00a0: quand Christian Estrosi va \u00e0 la rencontre d\u2019un paquebot de croisi\u00e8re pour lui interdire d\u2019accoster"},"content":{"rendered":"<p class=\"paragraph text_align_left lp-f-body-02\">Un invit\u00e9 ind\u00e9sirable. Dans la matin\u00e9e de ce jeudi 3 juillet, le maire de <a href=\"https:\/\/www.leparisien.fr\/economie\/hotels-de-luxe-soleil-radieux-malgre-la-crise-nice-seduit-toujours-plus-les-touristes-americains-09-05-2025-I7C4O4XLCBGK3PVUV5X7LB36YE.php\" target=\"_blank\" rel=\"noreferrer noopener\">Nice<\/a> (Alpes-Maritimes) et pr\u00e9sident de la m\u00e9tropole Nice C\u00f4te d\u2019Azur <a href=\"https:\/\/www.leparisien.fr\/faits-divers\/pourquoi-christian-estrosi-son-epouse-et-la-patronne-de-france-televisions-delphine-ernotte-ont-ils-ete-places-brievement-en-garde-a-vue-01-07-2025-B5OK4A3ZFJBMJKKFHU5TDCGW7Y.php\" target=\"_blank\" rel=\"noreferrer noopener\">Christian Estrosi<\/a> s\u2019est rendu \u00e0 bord d\u2019une embarcation \u00e0 la rencontre du navire \u00ab Voyager of the Seas \u00bb pour lui demander de partir.<\/p>\n<p class=\"paragraph text_align_left lp-f-body-02\">\u00ab Vous n\u2019avez pas le droit d\u2019\u00eatre l\u00e0 \u00bb, r\u00e9p\u00e8te-t-il deux fois \u00e0 l\u2019\u00e9quipage, dans une vid\u00e9o de <a href=\"https:\/\/france3-regions.franceinfo.fr\/provence-alpes-cote-d-azur\/alpes-maritimes\/nice\/video-vous-n-avez-pas-le-droit-d-etre-la-hurle-christian-estrosi-au-capitaine-d-un-paquebot-a-villefranche-sur-mer-3182319.html\" target=\"_blank\" rel=\"noreferrer noopener\">France 3 Provence-Alpes-C\u00f4te d\u2019Azur<\/a>, avant de leur promettre une lourde sanction.<\/p>\n<p>Le navire somm\u00e9 de \u00ab quitter les eaux territoriales dans la journ\u00e9e \u00bb<\/p>\n<p class=\"paragraph text_align_left lp-f-body-02\">En cause ? Le mouillage du bateau de la compagnie Royal Caribbean Group, qui transporte plus de 2 500 personnes selon l\u2019\u00e9dile, dans la rade de Villefranche-sur-Mer. L\u2019ancre jet\u00e9e dans cette zone enfreint la limitation en vigueur.<\/p>\n<p class=\"paragraph text_align_left lp-f-body-02\">Le nombre de passagers \u00e0 bord \u00ab d\u00e9passe la limite de 2 500 personnes, seuil fix\u00e9 dans le cadre des orientations de la M\u00e9tropole de Nice C\u00f4te d\u2019Azur, autorit\u00e9 portuaire de la gare maritime de Nice-Villefranche Sant\u00e9, pour une r\u00e9gulation stricte du trafic des paquebots de croisi\u00e8re \u00bb, \u00e9crit Christian Estrosi, dans un courrier adress\u00e9 au capitaine du navire.<\/p>\n<blockquote class=\"twitter-tweet\">\n<p lang=\"fr\" dir=\"ltr\">Ce matin, le navire \u00ab\u00a0Voyager of the Seas\u00a0\u00bb de la compagnie Royal Caribbean Group, comptant 3 114 passagers, a mouill\u00e9 \u00e0 6h dans la rade de Villefranche, en violation de la mesure entr\u00e9e en vigueur le 1er juillet interdisant le d\u00e9barquement de tout navire de croisi\u00e8re de plus de\u2026 <a href=\"https:\/\/t.co\/v2PFn0g14L\">pic.twitter.com\/v2PFn0g14L<\/a><\/p>\n<p>\u2014 Christian Estrosi (@cestrosi) <a href=\"https:\/\/twitter.com\/cestrosi\/status\/1940777128259137922?ref_src=twsrc%5Etfw\" target=\"_blank\" rel=\"noopener\">July 3, 2025<\/a><\/p><\/blockquote>\n<p class=\"paragraph text_align_left lp-f-body-02\">L\u2019\u00e9dile demande au commandant de ne d\u00e9barquer aucun passager depuis son navire \u00e0 la gare maritime de Villefranche-sur-Mer. Soucieux de \u00ab faire respecter les d\u00e9cisions prises en mati\u00e8re de lutte contre la pollution marine \u00bb, il le somme de \u00ab quitter les eaux territoriales dans la journ\u00e9e \u00bb. Christian Estrosi a annonc\u00e9 avoir saisi la ministre de la Transition \u00e9cologique et de la Coh\u00e9sion des territoires ainsi que le pr\u00e9fet maritime de M\u00e9diterran\u00e9e.<\/p>\n<p class=\"paragraph text_align_left lp-f-body-02\">Aupr\u00e8s de <a href=\"https:\/\/france3-regions.franceinfo.fr\/provence-alpes-cote-d-azur\/alpes-maritimes\/nice\/video-vous-n-avez-pas-le-droit-d-etre-la-hurle-christian-estrosi-au-capitaine-d-un-paquebot-a-villefranche-sur-mer-3182319.html\" target=\"_blank\" rel=\"noreferrer noopener\">France 3 Provence-Alpes-C\u00f4te d\u2019Azur<\/a>, le maire de Nice annonce qu\u2019il portera plainte \u00ab pour non-respect des d\u00e9cisions de la M\u00e9tropole \u00bb.<\/p>\n<p class=\"paragraph text_align_left lp-f-body-02\">En janvier dernier, Christian Estrosi avait sign\u00e9 un arr\u00eat\u00e9 visant \u00e0 interdire \u00e0 partir de juillet les escales des navires de plus de 900 passagers dans la rade de Villefranche-sur-Mer. Il avait ensuite fait volte-face, optant pour une simple limitation.<\/p>\n<p class=\"paragraph text_align_left lp-f-body-02\">Depuis ce 1er juillet, dans la rade de Villefranche-sur-Mer, 65 escales sont autoris\u00e9es chaque ann\u00e9e, mais jamais plus d\u2019un bateau par jour et ceux-ci ne pourront pas transporter plus de 2 500 passagers. Parall\u00e8lement, seuls les navires de moins de 450 passagers pourront accoster dans le port de Nice.<\/p>\n<p>L\u2019Union maritime des Alpes-Maritimes condamne l\u2019intervention<\/p>\n<p class=\"paragraph text_align_left lp-f-body-02\">L\u2019intervention de Christian Estrosi n\u2019est pas au go\u00fbt de tout le monde. Dans un <a href=\"https:\/\/www.facebook.com\/photo?fbid=122134450394745094&amp;set=a.122099845028745094\" target=\"_blank\" rel=\"noreferrer noopener\">communiqu\u00e9 publi\u00e9 sur Facebook<\/a>, l\u2019Union Maritime des Alpes-Maritimes a d\u00e9nonc\u00e9 \u00ab cette tentative d\u2019embarquement ill\u00e9gale du maire de Nice \u00e0 bord du navire de croisi\u00e8re Voyager of the Seas \u00bb. Selon elle, cette action constitue \u00ab une infraction au cadre r\u00e9glementaire maritime \u00bb, elle se r\u00e9serve le droit de prendre toutes mesures n\u00e9cessaires.<\/p>\n<p class=\"paragraph text_align_left lp-f-body-02\">La vid\u00e9o de l\u2019intervention du maire de Nice n\u2019a pas non plus manqu\u00e9 de faire r\u00e9agir le d\u00e9put\u00e9 (UDR) de la 1re circonscription des Alpes-Maritimes, \u00c9ric Ciotti.<\/p>\n<p class=\"paragraph text_align_left lp-f-body-02\">\u00ab Barbe rouge ! \u00c0 l\u2019abordage avant d\u2019\u00eatre coul\u00e9 ! \u00bb, ironise-t-il, sur son compte X.<\/p>\n<p><script async src=\"https:\/\/platform.twitter.com\/widgets.js\" charset=\"utf-8\"><\/script><\/p>\n","protected":false},"excerpt":{"rendered":"Un invit\u00e9 ind\u00e9sirable. Dans la matin\u00e9e de ce jeudi 3 juillet, le maire de Nice (Alpes-Maritimes) et pr\u00e9sident&hellip;\n","protected":false},"author":2,"featured_media":224612,"comment_status":"","ping_status":"","sticky":false,"template":"","format":"standard","meta":{"footnotes":""},"categories":[2819],"tags":[1111,11,6657,459,1777,674,118,1011,27,12,2401,882,25],"class_list":{"0":"post-224611","1":"post","2":"type-post","3":"status-publish","4":"format-standard","5":"has-post-thumbnail","7":"category-nice","8":"tag-actu","9":"tag-actualites","10":"tag-alpes-maritimes-06","11":"tag-departements-horsidfo","12":"tag-eu","13":"tag-europe","14":"tag-faits-divers","15":"tag-fr","16":"tag-france","17":"tag-news","18":"tag-nice","19":"tag-provence-alpes-cote-dazur","20":"tag-republique-francaise"},"share_on_mastodon":{"url":"https:\/\/pubeurope.com\/@fr\/114792699271353921","error":""},"_links":{"self":[{"href":"https:\/\/www.europesays.com\/fr\/wp-json\/wp\/v2\/posts\/224611","targetHints":{"allow":["GET"]}}],"collection":[{"href":"https:\/\/www.europesays.com\/fr\/wp-json\/wp\/v2\/posts"}],"about":[{"href":"https:\/\/www.europesays.com\/fr\/wp-json\/wp\/v2\/types\/post"}],"author":[{"embeddable":true,"href":"https:\/\/www.europesays.com\/fr\/wp-json\/wp\/v2\/users\/2"}],"replies":[{"embeddable":true,"href":"https:\/\/www.europesays.com\/fr\/wp-json\/wp\/v2\/comments?post=224611"}],"version-history":[{"count":0,"href":"https:\/\/www.europesays.com\/fr\/wp-json\/wp\/v2\/posts\/224611\/revisions"}],"wp:featuredmedia":[{"embeddable":true,"href":"https:\/\/www.europesays.com\/fr\/wp-json\/wp\/v2\/media\/224612"}],"wp:attachment":[{"href":"https:\/\/www.europesays.com\/fr\/wp-json\/wp\/v2\/media?parent=224611"}],"wp:term":[{"taxonomy":"category","embeddable":true,"href":"https:\/\/www.europesays.com\/fr\/wp-json\/wp\/v2\/categories?post=224611"},{"taxonomy":"post_tag","embeddable":true,"href":"https:\/\/www.europesays.com\/fr\/wp-json\/wp\/v2\/tags?post=224611"}],"curies":[{"name":"wp","href":"https:\/\/api.w.org\/{rel}","templated":true}]}}