{"id":224625,"date":"2025-07-04T02:58:28","date_gmt":"2025-07-04T02:58:28","guid":{"rendered":"https:\/\/www.europesays.com\/fr\/224625\/"},"modified":"2025-07-04T02:58:28","modified_gmt":"2025-07-04T02:58:28","slug":"hauts-de-france-de-laide-pour-les-etudiants-en-quete-dun-logement","status":"publish","type":"post","link":"https:\/\/www.europesays.com\/fr\/224625\/","title":{"rendered":"Hauts-de-France\u00a0: de l&rsquo;aide pour les \u00e9tudiants en qu\u00eate d&rsquo;un logement"},"content":{"rendered":"\n<p style=\"margin-bottom: 0cm;\">Apr\u00e8s la r\u00e9ussite aux examens, lyc\u00e9ens et \u00e9tudiants des Hauts-de-France doivent d\u00e9j\u00e0 se tourner vers un nouvel objectif\u00a0: trouver un logement. Une qu\u00eate parfois difficile. Le Centre R\u00e9gional Information Jeunesse (CRIJ) publie donc son Guide du logement dans les Hauts-de-France. Il regroupe autant de conseils pour organiser sa recherche, trouver des aides financi\u00e8res et surtout\u00a0: trouver un logement. Retrouvez-le sur <a href=\"https:\/\/www.ij-hdf.fr\/uploads\/media\/publication\/0001\/08\/dd5329c94d5bf1c1a94845b61b92064e2866b5a1.pdf\" target=\"_blank\" rel=\"noopener\">www.ij-hdf.fr<\/a><\/p>\n<p style=\"margin-bottom: 0cm;\">\u00a0<\/p>\n<p style=\"margin-bottom: 0cm;\">Nicolas Chacun<\/p>\n<p>!function(f,b,e,v,n,t,s){if(f.fbq)return;n=f.fbq=function(){n.callMethod?<br \/>\nn.callMethod.apply(n,arguments):n.queue.push(arguments)};if(!f._fbq)f._fbq=n;<br \/>\nn.push=n;n.loaded=!0;n.version=&rsquo;2.0&prime;;n.queue=[];t=b.createElement(e);t.async=!0;<br \/>\nt.src=v;s=b.getElementsByTagName(e)[0];s.parentNode.insertBefore(t,s)}(window,<br \/>\ndocument,&rsquo;script&rsquo;,&rsquo;https:\/\/connect.facebook.net\/en_US\/fbevents.js&rsquo;);<br \/>\nfbq(&lsquo;init&rsquo;, &lsquo;278974969201861&rsquo;); \/\/ Insert your pixel ID here.<br \/>\nfbq(&lsquo;track&rsquo;, &lsquo;PageView&rsquo;);<\/p>\n","protected":false},"excerpt":{"rendered":"Apr\u00e8s la r\u00e9ussite aux examens, lyc\u00e9ens et \u00e9tudiants des Hauts-de-France doivent d\u00e9j\u00e0 se tourner vers un nouvel objectif\u00a0:&hellip;\n","protected":false},"author":2,"featured_media":224626,"comment_status":"","ping_status":"","sticky":false,"template":"","format":"standard","meta":{"footnotes":""},"categories":[2815],"tags":[1111,11,1933,1936,1777,1939,674,1011,27,811,1934,1307,12,1940,1935,25,1937,1941,1938],"class_list":{"0":"post-224625","1":"post","2":"type-post","3":"status-publish","4":"format-standard","5":"has-post-thumbnail","7":"category-lille","8":"tag-actu","9":"tag-actualites","10":"tag-actualites-locales","11":"tag-essonne","12":"tag-eu","13":"tag-eure-et-loir","14":"tag-europe","15":"tag-fr","16":"tag-france","17":"tag-hauts-de-france","18":"tag-infos-locales","19":"tag-lille","20":"tag-news","21":"tag-oise","22":"tag-pres-de-chez-vous","23":"tag-republique-francaise","24":"tag-seine-et-marne","25":"tag-somme","26":"tag-yvelines"},"share_on_mastodon":{"url":"https:\/\/pubeurope.com\/@fr\/114792726732045124","error":""},"_links":{"self":[{"href":"https:\/\/www.europesays.com\/fr\/wp-json\/wp\/v2\/posts\/224625","targetHints":{"allow":["GET"]}}],"collection":[{"href":"https:\/\/www.europesays.com\/fr\/wp-json\/wp\/v2\/posts"}],"about":[{"href":"https:\/\/www.europesays.com\/fr\/wp-json\/wp\/v2\/types\/post"}],"author":[{"embeddable":true,"href":"https:\/\/www.europesays.com\/fr\/wp-json\/wp\/v2\/users\/2"}],"replies":[{"embeddable":true,"href":"https:\/\/www.europesays.com\/fr\/wp-json\/wp\/v2\/comments?post=224625"}],"version-history":[{"count":0,"href":"https:\/\/www.europesays.com\/fr\/wp-json\/wp\/v2\/posts\/224625\/revisions"}],"wp:featuredmedia":[{"embeddable":true,"href":"https:\/\/www.europesays.com\/fr\/wp-json\/wp\/v2\/media\/224626"}],"wp:attachment":[{"href":"https:\/\/www.europesays.com\/fr\/wp-json\/wp\/v2\/media?parent=224625"}],"wp:term":[{"taxonomy":"category","embeddable":true,"href":"https:\/\/www.europesays.com\/fr\/wp-json\/wp\/v2\/categories?post=224625"},{"taxonomy":"post_tag","embeddable":true,"href":"https:\/\/www.europesays.com\/fr\/wp-json\/wp\/v2\/tags?post=224625"}],"curies":[{"name":"wp","href":"https:\/\/api.w.org\/{rel}","templated":true}]}}