{"id":224629,"date":"2025-07-04T03:00:24","date_gmt":"2025-07-04T03:00:24","guid":{"rendered":"https:\/\/www.europesays.com\/fr\/224629\/"},"modified":"2025-07-04T03:00:24","modified_gmt":"2025-07-04T03:00:24","slug":"le-documentaire-dun-marseillais-rafle-tous-les-prix","status":"publish","type":"post","link":"https:\/\/www.europesays.com\/fr\/224629\/","title":{"rendered":"le documentaire d\u2019un Marseillais rafle tous les prix"},"content":{"rendered":"<p>Le plus dr\u00f4le, c\u2019est que lorsqu\u2019il a d\u00e9barqu\u00e9 \u00e0 San Francisco, apr\u00e8s avoir vendu son van et ses surfs il y a un an, pour assister au Festival international du film oc\u00e9anique o\u00f9 il avait \u00e9t\u00e9 s\u00e9lectionn\u00e9, <strong>Cl\u00e9ment Pourtal ne savait pas qu\u2019il avait gagn\u00e9<\/strong>. \u00ab\u00a0J\u2019avais inscrit le documentaire apr\u00e8s la date limite et je suis arriv\u00e9 l\u00e0-bas sans illusion, sourit le Marseillais. On \u00e9tait fiers de notre film avec J\u00e9r\u00f4me Brousse, mais avec un budget de 60\u00a0000\u00a0euros, on n\u2019imaginait pas concurrencer les grosses machines \u00e0 plus de deux millions d\u2019euros\u00a0\u00bb. \u00ab\u00a0The Blue Quest Palawan\u00a0\u00bb a pourtant subjugu\u00e9 le jury de la grand-messe mondiale du film marin.<\/p>\n<p>Raflant le Conservation award, ce format de 35 minutes d\u00e9sormais disponible sur<a href=\"https:\/\/www.google.com\/search?q=the+blue+quest+palawan&amp;rlz=1C1GCEA_enFR1085FR1085&amp;oq=the+blue+quest&amp;gs_lcrp=EgZjaHJvbWUqBwgAEAAYgAQyBwgAEAAYgAQyBggBEEUYOTIKCAIQABgKGBYYHjIICAMQABgWGB4yCAgEEAAYFhgeMggIBRAAGBYYHjIICAYQABgWGB4yCAgHEAAYFhgeMggICBAAGBYYHjIICAkQABgWGB7SAQkzOTUzajBqMTWoAgiwAgHxBcATtk10ta6O&amp;sourceid=chrome&amp;ie=UTF-8#fpstate=ive&amp;vld=cid:c8acfe76,vid:0zhwbCyWlYc,st:0\" target=\"_blank\" rel=\"nofollow noopener\"> YouTube<\/a> est devenu un objet iconique dans les festivals, accumulant trente s\u00e9lections et dix prix sur la plan\u00e8te bleue. \u00ab\u00a0C\u2019\u00e9tait inesp\u00e9r\u00e9 pour nous d\u2019\u00eatre en lice dans ce festival mythique. Alors le gagner\u2026\u00a0\u00bb Depuis, les sollicitations se sont multipli\u00e9es et le film a servi de support, lors du r\u00e9cent sommet <a href=\"https:\/\/www.laprovence.com\/article\/ecoplanete\/41597138076334\/conference-de-lonu-nice-peut-sourire-locean-en-revanche\" target=\"_blank\" rel=\"nofollow noopener\">mondial sur l\u2019oc\u00e9an<\/a>, \u00e0 Nice. \u00ab\u00a0YouTube permet de faire de la sensibilisation et on ne tient pas \u00e0 se le faire racheter par une plateforme type Netflix qui va l\u2019adapter \u00e0 sa sauce. Et cela permet de faire tourner les images dans les festivals, d\u2019en faire un support \u00e9ducatif dans les \u00e9coles, les entreprises.\u00a0\u00bb<\/p>\n<p>Une rencontre avec un Marseillais des Philippines<\/p>\n<p>La belle histoire, \u00e9videmment, part d\u2019une rencontre. \u00c0 Lisbonne en 2022, pour l\u2019\u00e9dition pr\u00e9c\u00e9dente du sommet sur l\u2019oc\u00e9an, Cl\u00e9ment Pourtal tombe sur un autre Marseillais,<a href=\"https:\/\/www.laprovence.com\/article\/ecoplanete\/63998607175096\/le-marseillais-qui-a-fait-d-une-ile-perdue-aux-philippines-le-paradis\" target=\"_blank\" rel=\"nofollow noopener\"> Fr\u00e9d\u00e9ric Tardieu. <\/a>Lui est un cas. Un p\u00f4le magn\u00e9tique pour tous ceux qui r\u00eavent de poss\u00e9der une \u00eele et d\u2019en faire un sanctuaire pour tous. \u00ab\u00a0Je me suis pos\u00e9 la grande question \u00e0 55\u00a0ans, indique-t-il. Comment faire pour assurer notre s\u00e9curit\u00e9 alimentaire et pr\u00e9server notre environnement, sommes-nous capables de reconstruire ce qu\u2019on a d\u00e9vast\u00e9\u00a0?\u00a0\u00bb<\/p>\n<p>Dans la baie de Palawan, un archipel au sud des Philippines, Fred Tardieu a redonn\u00e9 vie \u00e0 l\u2019\u00eele et aux fonds marins, cr\u00e9ant des <a href=\"https:\/\/www.laprovence.com\/article\/region\/1179209098813515\/a-carry-le-rouet-40-gardes-regionaux-marins-veillent-sur-les-aires-marines-protegees\" target=\"_blank\" rel=\"nofollow noopener\">aires marines prot\u00e9g\u00e9es <\/a>avec les p\u00eacheurs des villages alentour. Son exp\u00e9rience, quinze ans apr\u00e8s les d\u00e9buts, est une plong\u00e9e inspirante. Elle montre que <strong>les solutions de pr\u00e9servation existent<\/strong>. Cl\u00e9ment Pourtal a pris le temps de la filmer, avant de donner quelques coups de palmes vers les r\u00e9cifs de Tubbataha ou un parc naturel o\u00f9 vit le rare dugong, seul mammif\u00e8re marin herbivore. Ambassadeur du Marine conservation institute qui cartographie les aires marines sur la plan\u00e8te, Cl\u00e9ment Pourtal qui avait d\u00e9j\u00e0 \u00e9t\u00e9 prim\u00e9 pour un film tourn\u00e9 dans les eaux de Basse-Californie, travaille \u00e9galement avec la fondation marseillaise Pure Ocean. La Polyn\u00e9sie l\u2019attire. Ses belles images et l\u2019envers du d\u00e9cor.<\/p>\n","protected":false},"excerpt":{"rendered":"Le plus dr\u00f4le, c\u2019est que lorsqu\u2019il a d\u00e9barqu\u00e9 \u00e0 San Francisco, apr\u00e8s avoir vendu son van et ses&hellip;\n","protected":false},"author":2,"featured_media":224630,"comment_status":"","ping_status":"","sticky":false,"template":"","format":"standard","meta":{"footnotes":""},"categories":[2814],"tags":[17,1111,11,2837,1190,436,1777,674,1011,27,151,761,884,12,12687,882,36356,25,3387],"class_list":{"0":"post-224629","1":"post","2":"type-post","3":"status-publish","4":"format-standard","5":"has-post-thumbnail","7":"category-marseille","8":"tag-17","9":"tag-actu","10":"tag-actualites","11":"tag-dun","12":"tag-documentaire","13":"tag-environnement","14":"tag-eu","15":"tag-europe","16":"tag-fr","17":"tag-france","18":"tag-les","19":"tag-marseillais","20":"tag-marseille","21":"tag-news","22":"tag-oceans","23":"tag-provence-alpes-cote-dazur","24":"tag-rafle","25":"tag-republique-francaise","26":"tag-tous"},"share_on_mastodon":{"url":"https:\/\/pubeurope.com\/@fr\/114792734623042335","error":""},"_links":{"self":[{"href":"https:\/\/www.europesays.com\/fr\/wp-json\/wp\/v2\/posts\/224629","targetHints":{"allow":["GET"]}}],"collection":[{"href":"https:\/\/www.europesays.com\/fr\/wp-json\/wp\/v2\/posts"}],"about":[{"href":"https:\/\/www.europesays.com\/fr\/wp-json\/wp\/v2\/types\/post"}],"author":[{"embeddable":true,"href":"https:\/\/www.europesays.com\/fr\/wp-json\/wp\/v2\/users\/2"}],"replies":[{"embeddable":true,"href":"https:\/\/www.europesays.com\/fr\/wp-json\/wp\/v2\/comments?post=224629"}],"version-history":[{"count":0,"href":"https:\/\/www.europesays.com\/fr\/wp-json\/wp\/v2\/posts\/224629\/revisions"}],"wp:featuredmedia":[{"embeddable":true,"href":"https:\/\/www.europesays.com\/fr\/wp-json\/wp\/v2\/media\/224630"}],"wp:attachment":[{"href":"https:\/\/www.europesays.com\/fr\/wp-json\/wp\/v2\/media?parent=224629"}],"wp:term":[{"taxonomy":"category","embeddable":true,"href":"https:\/\/www.europesays.com\/fr\/wp-json\/wp\/v2\/categories?post=224629"},{"taxonomy":"post_tag","embeddable":true,"href":"https:\/\/www.europesays.com\/fr\/wp-json\/wp\/v2\/tags?post=224629"}],"curies":[{"name":"wp","href":"https:\/\/api.w.org\/{rel}","templated":true}]}}