{"id":224633,"date":"2025-07-04T03:02:09","date_gmt":"2025-07-04T03:02:09","guid":{"rendered":"https:\/\/www.europesays.com\/fr\/224633\/"},"modified":"2025-07-04T03:02:09","modified_gmt":"2025-07-04T03:02:09","slug":"une-panne-sur-une-rame-rhonexpress-perturbe-la-circulation-du-tram-t3","status":"publish","type":"post","link":"https:\/\/www.europesays.com\/fr\/224633\/","title":{"rendered":"une panne sur une rame Rh\u00f4nexpress perturbe la circulation du tram T3"},"content":{"rendered":"<p itemprop=\"description\"><strong>Fin d\u2019apr\u00e8s-midi compliqu\u00e9e pour les voyageurs.<\/strong><\/p>\n<p>Le trafic de la ligne T3 du tram et du Rh\u00f4nexpress est perturb\u00e9 depuis un peu plus de 17h. En cause : une panne sur une rame Rh\u00f4nexpress.<\/p>\n<p>Le tram T3 circule uniquement de Meyzieu ZI \u00e0 Vaulx-en-Velin La Soie. Les stations de Gare Part-Dieu Vilette et Bel Air-Les Brosses ne sont plus desservies.<\/p>\n<p>De son c\u00f4t\u00e9, le Rh\u00f4nexpress fonctionne seulement de A\u00e9roport Saint Exup\u00e9ry \u00e0 Vaulx-en-Velin La Soie. La station Gare Part-Dieu n\u2019est plus desservie.<\/p>\n<p>Des bus relais ont \u00e9t\u00e9 mis en place afin de faire face \u00e0 ces perturbations. La reprise du trafic est estim\u00e9e \u00e0 19h alors que se tient ce jeudi soir le concert du groupe Imagine Dragons au Groupama Stadium.<\/p>\n","protected":false},"excerpt":{"rendered":"Fin d\u2019apr\u00e8s-midi compliqu\u00e9e pour les voyageurs. Le trafic de la ligne T3 du tram et du Rh\u00f4nexpress est&hellip;\n","protected":false},"author":2,"featured_media":224634,"comment_status":"","ping_status":"","sticky":false,"template":"","format":"standard","meta":{"footnotes":""},"categories":[1889],"tags":[1111,11,2813,2190,2430,1109,251,1112,2811,1777,674,118,1011,27,1922,1110,1114,2428,2810,12,241,316,25,2812,517,800],"class_list":{"0":"post-224633","1":"post","2":"type-post","3":"status-publish","4":"format-standard","5":"has-post-thumbnail","7":"category-lyon","8":"tag-actu","9":"tag-actualites","10":"tag-article","11":"tag-asvel","12":"tag-auvergne-rhone-alpes","13":"tag-breves","14":"tag-culture","15":"tag-depeches","16":"tag-economique","17":"tag-eu","18":"tag-europe","19":"tag-faits-divers","20":"tag-fr","21":"tag-france","22":"tag-info","23":"tag-informations","24":"tag-infos","25":"tag-lyon","26":"tag-lyonmag","27":"tag-news","28":"tag-ol","29":"tag-politique","30":"tag-republique-francaise","31":"tag-sociale","32":"tag-sport","33":"tag-transports"},"share_on_mastodon":{"url":"https:\/\/pubeurope.com\/@fr\/114792742469003535","error":""},"_links":{"self":[{"href":"https:\/\/www.europesays.com\/fr\/wp-json\/wp\/v2\/posts\/224633","targetHints":{"allow":["GET"]}}],"collection":[{"href":"https:\/\/www.europesays.com\/fr\/wp-json\/wp\/v2\/posts"}],"about":[{"href":"https:\/\/www.europesays.com\/fr\/wp-json\/wp\/v2\/types\/post"}],"author":[{"embeddable":true,"href":"https:\/\/www.europesays.com\/fr\/wp-json\/wp\/v2\/users\/2"}],"replies":[{"embeddable":true,"href":"https:\/\/www.europesays.com\/fr\/wp-json\/wp\/v2\/comments?post=224633"}],"version-history":[{"count":0,"href":"https:\/\/www.europesays.com\/fr\/wp-json\/wp\/v2\/posts\/224633\/revisions"}],"wp:featuredmedia":[{"embeddable":true,"href":"https:\/\/www.europesays.com\/fr\/wp-json\/wp\/v2\/media\/224634"}],"wp:attachment":[{"href":"https:\/\/www.europesays.com\/fr\/wp-json\/wp\/v2\/media?parent=224633"}],"wp:term":[{"taxonomy":"category","embeddable":true,"href":"https:\/\/www.europesays.com\/fr\/wp-json\/wp\/v2\/categories?post=224633"},{"taxonomy":"post_tag","embeddable":true,"href":"https:\/\/www.europesays.com\/fr\/wp-json\/wp\/v2\/tags?post=224633"}],"curies":[{"name":"wp","href":"https:\/\/api.w.org\/{rel}","templated":true}]}}