{"id":224639,"date":"2025-07-04T03:06:16","date_gmt":"2025-07-04T03:06:16","guid":{"rendered":"https:\/\/www.europesays.com\/fr\/224639\/"},"modified":"2025-07-04T03:06:16","modified_gmt":"2025-07-04T03:06:16","slug":"bras-de-fer-entre-teheran-et-paris-sur-les-otages-francais","status":"publish","type":"post","link":"https:\/\/www.europesays.com\/fr\/224639\/","title":{"rendered":"bras de fer entre T\u00e9h\u00e9ran et Paris sur les otages fran\u00e7ais"},"content":{"rendered":"<p><strong>R\u00c9CIT &#8211;<\/strong> L\u2019Iran a inculp\u00e9 C\u00e9cile Kohler et Jacques Paris pour \u00ab\u00a0espionnage pour le Mossad\u00a0\u00bb. L\u2019ambassade d\u2019Iran \u00e0 Paris temporise. La France menace d\u2019imposer des sanctions.<\/p>\n<p class=\"fig-paragraph\">L\u2019Iran\u00a0joue avec les nerfs des deux Fran\u00e7ais qu\u2019il d\u00e9tient depuis plus de trois ans. Mercredi soir, l\u2019entourage de\u00a0<a href=\"http:\/\/www.lefigaro.fr\/international\/sortez-les-de-la-ramenez-les-a-la-maison-la-fille-d-un-des-otages-francais-en-iran-brise-le-silence-20250627\" target=\"_blank\" data-fig-type=\"NewsFlash\" rel=\"noopener\" data-gtm-custom-categorie=\"navigation\" data-gtm-custom-action=\"crossclick\" data-gtm-custom-label=\"Contextuel\" data-gtm-event=\"customEventSPE\" data-fig-domain=\"LEFIGARO\">C\u00e9cile Kohler et de Jacques Paris<\/a>\u00a0apprenait qu\u2019ils \u00e9taient inculp\u00e9s pour \u00ab\u00a0espionnage pour le Mossad\u00a0\u00bb, les services isra\u00e9liens, \u00ab\u00a0complot pour renverser le r\u00e9gime\u00a0\u00bb et \u00ab\u00a0corruption sur terre\u00a0\u00bb, ce que la France et leurs proches d\u00e9mentent cat\u00e9goriquement. Chacun de ces trois chefs d\u2019inculpation est passible de la peine de mort. Mais jeudi, alors que Paris amor\u00e7ait une riposte, l\u2019ambassade d\u2019Iran en France publiait un communiqu\u00e9 indiquant qu\u2019aucune d\u00e9cision n\u2019avait \u00e9t\u00e9 prise sur les chefs d\u2019inculpation de C\u00e9cile Kohler et Jacques Paris.<\/p>\n<p class=\"fig-paragraph\">R\u00e9agissant au durcissement iranien, Emmanuel Macron\u00a0<a href=\"http:\/\/www.lefigaro.fr\/international\/detenus-en-iran-les-francais-cecile-kohler-et-jacques-paris-inculpes-d-espionnage-pour-le-compte-d-israel-20250702\" target=\"_blank\" data-fig-type=\"NewsFlash\" rel=\"noopener\" data-gtm-custom-categorie=\"navigation\" data-gtm-custom-action=\"crossclick\" data-gtm-custom-label=\"Contextuel\" data-gtm-event=\"customEventSPE\" data-fig-domain=\"LEFIGARO\">a d\u00e9nonc\u00e9 une \u00abprovocation\u00bb<\/a> \u00a0et \u00abun choix inacceptable d\u2019agressivit\u00e9\u00bb, promettant des \u00abmesures de r\u00e9torsion\u00bb si la qualification d\u2019espionnage est maintenue. Jean-No\u00ebl Barrot, le ministre des Affaires \u00e9trang\u00e8res, venait d\u2019affirmer que la d\u00e9cision de Paris de r\u00e9imposer ou non des\u2026<\/p>\n<p class=\"fig-premium-paywall__infos\">\n        Cet article est r\u00e9serv\u00e9 aux abonn\u00e9s.        Il vous reste 84% \u00e0 d\u00e9couvrir.\n    <\/p>\n<p>                <img  data- alt=\"Le Figaro\" class=\"fig-img--complete fig-img\"\/><\/p>\n<p class=\"fig-premium-paywall__title\">Vous avez envie de lire la suite ?<\/p>\n<p class=\"fig-premium-paywall__subtitle\">D\u00e9bloquez tous les articles imm\u00e9diatement.<\/p>\n<p class=\"fig-premium-paywall__connect\">\n                D\u00e9j\u00e0 abonn\u00e9\u00a0?                <a class=\"fig-premium-paywall__connect-link\" href=\"https:\/\/connect.lefigaro.fr\/login?client=horizon_web&amp;type=main&amp;redirect_uri=https%3A%2F%2Fwww.lefigaro.fr%2Finternational%2Fchaque-camp-se-livre-a-une-surenchere-reciproque-bras-de-fer-entre-teheran-et-paris-sur-les-otages-francais-20250703\" data-js-gtm=\"{&quot;customCategorie&quot;: &quot;conversion&quot;, &quot;customAction&quot;: &quot;before_Landing_Connexion_paywall_auto&quot;, &quot;customLabel&quot;: &quot;bGVmaWdhcm8uZnJfXzFmMDU4MWFjLWI2YjUtNmNlNC04OTM5LWY1ZDE5MGFkMWFmYV9fQXJ0aWNsZQ==_\u00abChaque camp se livre \u00e0 une surench\u00e8re r\u00e9ciproque\u00bb\u00a0: bras de fer entre T\u00e9h\u00e9ran et Paris sur les otages fran\u00e7ais_329&quot;, &quot;customIDSPE&quot;: &quot;bGVmaWdhcm8uZnJfXzFmMDU4MWFjLWI2YjUtNmNlNC04OTM5LWY1ZDE5MGFkMWFmYV9fQXJ0aWNsZQ==&quot;, &quot;event&quot;: &quot;customEventSPE&quot;}\" target=\"_blank\" rel=\"noopener\"><br \/>\n                    Connectez-vous<br \/>\n                <\/a>\n            <\/p>\n","protected":false},"excerpt":{"rendered":"R\u00c9CIT &#8211; L\u2019Iran a inculp\u00e9 C\u00e9cile Kohler et Jacques Paris pour \u00ab\u00a0espionnage pour le Mossad\u00a0\u00bb. L\u2019ambassade d\u2019Iran \u00e0&hellip;\n","protected":false},"author":2,"featured_media":224640,"comment_status":"","ping_status":"","sticky":false,"template":"","format":"standard","meta":{"footnotes":""},"categories":[1888],"tags":[1111,1928,11,1927,1777,674,1011,27,3019,12,1926,19141,626,1925,25],"class_list":{"0":"post-224639","1":"post","2":"type-post","3":"status-publish","4":"format-standard","5":"has-post-thumbnail","7":"category-paris","8":"tag-actu","9":"tag-actu-paris","10":"tag-actualites","11":"tag-actualites-paris","12":"tag-eu","13":"tag-europe","14":"tag-fr","15":"tag-france","16":"tag-iran","17":"tag-news","18":"tag-news-paris","19":"tag-otages","20":"tag-paris","21":"tag-paris-news","22":"tag-republique-francaise"},"share_on_mastodon":{"url":"https:\/\/pubeurope.com\/@fr\/114792758193539150","error":""},"_links":{"self":[{"href":"https:\/\/www.europesays.com\/fr\/wp-json\/wp\/v2\/posts\/224639","targetHints":{"allow":["GET"]}}],"collection":[{"href":"https:\/\/www.europesays.com\/fr\/wp-json\/wp\/v2\/posts"}],"about":[{"href":"https:\/\/www.europesays.com\/fr\/wp-json\/wp\/v2\/types\/post"}],"author":[{"embeddable":true,"href":"https:\/\/www.europesays.com\/fr\/wp-json\/wp\/v2\/users\/2"}],"replies":[{"embeddable":true,"href":"https:\/\/www.europesays.com\/fr\/wp-json\/wp\/v2\/comments?post=224639"}],"version-history":[{"count":0,"href":"https:\/\/www.europesays.com\/fr\/wp-json\/wp\/v2\/posts\/224639\/revisions"}],"wp:featuredmedia":[{"embeddable":true,"href":"https:\/\/www.europesays.com\/fr\/wp-json\/wp\/v2\/media\/224640"}],"wp:attachment":[{"href":"https:\/\/www.europesays.com\/fr\/wp-json\/wp\/v2\/media?parent=224639"}],"wp:term":[{"taxonomy":"category","embeddable":true,"href":"https:\/\/www.europesays.com\/fr\/wp-json\/wp\/v2\/categories?post=224639"},{"taxonomy":"post_tag","embeddable":true,"href":"https:\/\/www.europesays.com\/fr\/wp-json\/wp\/v2\/tags?post=224639"}],"curies":[{"name":"wp","href":"https:\/\/api.w.org\/{rel}","templated":true}]}}