{"id":224649,"date":"2025-07-04T03:11:10","date_gmt":"2025-07-04T03:11:10","guid":{"rendered":"https:\/\/www.europesays.com\/fr\/224649\/"},"modified":"2025-07-04T03:11:10","modified_gmt":"2025-07-04T03:11:10","slug":"donald-trump-deplore-labsence-de-progres-avec-vladimir-poutine","status":"publish","type":"post","link":"https:\/\/www.europesays.com\/fr\/224649\/","title":{"rendered":"Donald Trump d\u00e9plore l&rsquo;absence de \u00ab\u00a0progr\u00e8s\u00a0\u00bb avec Vladimir Poutine"},"content":{"rendered":"<p class=\"article-p mdl\">Un appel t\u00e9l\u00e9phonique d\u00e9cevant.\u00a0Dans un rare aveu d&rsquo;impuissance,\u00a0<a class=\"link\" href=\"https:\/\/www.rtl.fr\/actu\/international\/aussi-decevant-que-son-mandat-le-nouveau-parfum-de-donald-trump-victory-45-47-fait-deja-polemique-7900520919\" title=\"&quot;Aussi d\u00e9cevant que son mandat&quot; : le nouveau parfum de Donald Trump, &quot;Victory 45-47&quot;, fait d\u00e9j\u00e0 pol\u00e9mique\" target=\"_blank\" rel=\"noopener\">Donald Trump<\/a>\u00a0a reconnu jeudi n&rsquo;avoir fait <strong>\u00ab\u00a0aucun progr\u00e8s\u00a0\u00bb visant \u00e0 mettre fin \u00e0 la guerre en Ukraine<\/strong>, lors d&rsquo;un \u00e9change avec son homologue russe, Vladimir Poutine.<\/p>\n<p class=\"article-p mdl\">\u00ab\u00a0Non, je n&rsquo;ai fait aucun progr\u00e8s\u00a0\u00bb lors de cette conversation, a d\u00e9clar\u00e9 le pr\u00e9sident am\u00e9ricain \u00e0 la presse, ajoutant qu&rsquo;il n&rsquo;\u00e9tait \u00ab\u00a0<strong>pas content\u00a0\u00bb<\/strong> de la guerre en cours entre les deux pays.<\/p>\n<p class=\"article-p mdl\">De son c\u00f4t\u00e9, le pr\u00e9sident russe venait de lui dire que la Russie \u00ab\u00a0ne renoncera pas \u00e0 ses objectifs\u00a0\u00bb en\u00a0<a class=\"link\" href=\"https:\/\/www.rtl.fr\/actu\/international\/guerre-en-ukraine-du-cannibalisme-chez-les-soldats-russes-un-nouveau-cas-relaye-par-kiev-7900518889\" title=\"Guerre en Ukraine : du cannibalisme chez les soldats russes ? Un nouveau cas relay\u00e9 par Kiev\" target=\"_blank\" rel=\"noopener\">Ukraine<\/a>, tout en se disant <strong>ouvert \u00e0 la poursuite des n\u00e9gociations<\/strong> avec Kiev.<\/p>\n<p class=\"article-p mdl\">Il s&rsquo;agissait de la <strong>sixi\u00e8me discussion<\/strong> entre les deux dirigeants depuis le retour de Donald Trump \u00e0 la Maison-Blanche en janvier.\u00a0Elle est intervenue au lendemain de l&rsquo;annonce par Washington d&rsquo;une pause dans la livraison de certaines armes \u00e0 l&rsquo;Ukraine, plus de trois ans et demi apr\u00e8s le d\u00e9but de l&rsquo;offensive russe.<\/p>\n<p class=\"article-p mdl\">Les\u00a0\u00c9tats-Unis sont le<strong> principal pourvoyeur d&rsquo;aide militaire<\/strong> \u00e0 l&rsquo;Ukraine et cette d\u00e9cision risque de mettre Kiev dans une position difficile \u00e0 un moment o\u00f9 les troupes russes continuent d&rsquo;avancer sur le front.<\/p>\n<p>            Des n\u00e9gociations en suspens<\/p>\n<p class=\"article-p mdl\">L&rsquo;\u00e9change entre Vladimir Poutine et Donald Trump jeudi, qui a dur\u00e9 environ une heure, a \u00e9t\u00e9 qualifi\u00e9 devant les journalistes de \u00ab\u00a0franc\u00a0\u00bb par le conseiller diplomatique du Kremlin, Iouri Ouchakov.<\/p>\n<p class=\"article-p mdl\">La Russie \u00ab\u00a0continue \u00e0 rechercher une solution politique et n\u00e9goci\u00e9e au conflit\u00a0\u00bb avec l&rsquo;Ukraine, a affirm\u00e9 le pr\u00e9sident russe \u00e0 son homologue, selon M. Ouchakov.<\/p>\n<p class=\"article-p mdl\">Vladimir Poutine a \u00ab\u00a0soulign\u00e9 la volont\u00e9 de la partie russe de poursuivre le processus de n\u00e9gociation\u00a0\u00bb entam\u00e9 \u00e0 Istanbul, o\u00f9 ont r\u00e9cemment eu lieu deux sessions de <strong>pourparlers directs russo-ukrainiens<\/strong> aux maigres r\u00e9sultats.<\/p>\n<p class=\"article-p mdl\">Mais \u00ab\u00a0la Russie ne renoncera pas \u00e0 ces objectifs\u00a0\u00bb, a insist\u00e9 M. Ouchakov.\u00a0Moscou r\u00e9clame notamment de l&rsquo;Ukraine qu&rsquo;elle lui c\u00e8de <strong>quatre r\u00e9gions partiellement occup\u00e9es<\/strong>, en plus de la Crim\u00e9e annex\u00e9e en 2014, et qu&rsquo;elle renonce \u00e0 entrer dans l&rsquo;Otan. Des conditions inacceptables pour Kiev.<\/p>\n<p class=\"article-p mdl\">Vladimir Poutine et Donald Trump ont \u00e9galement \u00e9voqu\u00e9 les conflits au Moyen-Orient, dont la r\u00e9cente guerre entre l&rsquo;Iran et Isra\u00ebl et la Syrie, le chef de l&rsquo;Etat russe ayant plaid\u00e9 pour un r\u00e8glement \u00ab\u00a0exclusivement par des moyens politiques et diplomatiques\u00a0\u00bb, d&rsquo;apr\u00e8s M. Ouchakov.<\/p>\n<p>    La r\u00e9daction vous recommande<\/p>\n<p class=\"s-newsletter__title\">\n                L\u2019actualit\u00e9 par la r\u00e9daction de RTL dans votre bo\u00eete mail.\n            <\/p>\n<p class=\"s-newsletter__subtitle\">\n                Gr\u00e2ce \u00e0 votre compte RTL abonnez-vous \u00e0 la newsletter RTL info pour suivre toute l&rsquo;actualit\u00e9 au quotidien\n            <\/p>\n<p>\n                                    Lire la suite\n                                <\/p>\n","protected":false},"excerpt":{"rendered":"Un appel t\u00e9l\u00e9phonique d\u00e9cevant.\u00a0Dans un rare aveu d&rsquo;impuissance,\u00a0Donald Trump\u00a0a reconnu jeudi n&rsquo;avoir fait \u00ab\u00a0aucun progr\u00e8s\u00a0\u00bb visant \u00e0 mettre&hellip;\n","protected":false},"author":2,"featured_media":224650,"comment_status":"","ping_status":"","sticky":false,"template":"","format":"standard","meta":{"footnotes":""},"categories":[1590],"tags":[11,2120,75,73,1777,674,107,131,12,132,220,135],"class_list":{"0":"post-224649","1":"post","2":"type-post","3":"status-publish","4":"format-standard","5":"has-post-thumbnail","7":"category-ukraine","8":"tag-actualites","9":"tag-conflit","10":"tag-donald-trump","11":"tag-etats-unis","12":"tag-eu","13":"tag-europe","14":"tag-fil-info","15":"tag-guerre-en-ukraine","16":"tag-news","17":"tag-russie","18":"tag-ukraine","19":"tag-vladimir-poutine"},"share_on_mastodon":{"url":"https:\/\/pubeurope.com\/@fr\/114792777858694760","error":""},"_links":{"self":[{"href":"https:\/\/www.europesays.com\/fr\/wp-json\/wp\/v2\/posts\/224649","targetHints":{"allow":["GET"]}}],"collection":[{"href":"https:\/\/www.europesays.com\/fr\/wp-json\/wp\/v2\/posts"}],"about":[{"href":"https:\/\/www.europesays.com\/fr\/wp-json\/wp\/v2\/types\/post"}],"author":[{"embeddable":true,"href":"https:\/\/www.europesays.com\/fr\/wp-json\/wp\/v2\/users\/2"}],"replies":[{"embeddable":true,"href":"https:\/\/www.europesays.com\/fr\/wp-json\/wp\/v2\/comments?post=224649"}],"version-history":[{"count":0,"href":"https:\/\/www.europesays.com\/fr\/wp-json\/wp\/v2\/posts\/224649\/revisions"}],"wp:featuredmedia":[{"embeddable":true,"href":"https:\/\/www.europesays.com\/fr\/wp-json\/wp\/v2\/media\/224650"}],"wp:attachment":[{"href":"https:\/\/www.europesays.com\/fr\/wp-json\/wp\/v2\/media?parent=224649"}],"wp:term":[{"taxonomy":"category","embeddable":true,"href":"https:\/\/www.europesays.com\/fr\/wp-json\/wp\/v2\/categories?post=224649"},{"taxonomy":"post_tag","embeddable":true,"href":"https:\/\/www.europesays.com\/fr\/wp-json\/wp\/v2\/tags?post=224649"}],"curies":[{"name":"wp","href":"https:\/\/api.w.org\/{rel}","templated":true}]}}