{"id":224654,"date":"2025-07-04T03:14:14","date_gmt":"2025-07-04T03:14:14","guid":{"rendered":"https:\/\/www.europesays.com\/fr\/224654\/"},"modified":"2025-07-04T03:14:14","modified_gmt":"2025-07-04T03:14:14","slug":"acheter-une-voiture-doccasion-en-allemagne-mode-demploi-2025","status":"publish","type":"post","link":"https:\/\/www.europesays.com\/fr\/224654\/","title":{"rendered":"Acheter une voiture d&rsquo;occasion en Allemagne : mode d\u2019emploi 2025"},"content":{"rendered":"<p>\t\t\t<strong class=\"post-excerpt\"><\/p>\n<p itemprop=\"description\">Acheter une voiture en Allemagne, une option s\u00e9duisante mais est-ce vraiment sans risque ? Voici nos meilleurs conseils.<\/p>\n<p><\/strong>\t\tPourquoi envisager l\u00a0\u00bbachat d&rsquo;une voiture en Allemagne ? <\/p>\n<p>Il existe de <strong>nombreux b\u00e9n\u00e9fices<\/strong> \u00e0 importer un v\u00e9hicule <a href=\"https:\/\/www.autojournal.fr\/info-marque\/byd-envisagerait-lallemagne-pour-sa-troisieme-usine-en-europe-380028.html\" rel=\"nofollow noopener\" target=\"_blank\">d&rsquo;Allemagne<\/a>. Le plus \u00e9vident, et celui qui incite chaque ann\u00e9e des milliers de Fran\u00e7ais \u00e0 opter pour cette solution, est sans doute <a href=\"https:\/\/www.autojournal.fr\/diaporamas\/les-prix-seffondrent-faut-il-craquer-pour-une-voiture-electrique-doccasion-387020.html\" rel=\"nofollow noopener\" target=\"_blank\"><strong>les prix plus comp\u00e9titifs<\/strong><\/a>.<\/p>\n<p>Ces tarifs attractifs ne signifient pas pour autant <strong>une qualit\u00e9 inf\u00e9rieure des v\u00e9hicules<\/strong>. En r\u00e9alit\u00e9, les standards \u00e9lev\u00e9s du march\u00e9 allemand font que l<strong>e niveau d&rsquo;\u00e9quipement est souvent sup\u00e9rieur \u00e0 celui des mod\u00e8les destin\u00e9s au march\u00e9 fran\u00e7ais<\/strong> pour une <a href=\"https:\/\/www.autojournal.fr\/actu\/renault-clio-son-prix-baisse-grace-a-une-nouvelle-finition-383281.html\" rel=\"nofollow noopener\" target=\"_blank\">finition \u00e9quivalente<\/a>. De plus, la r\u00e9glementation stricte en vigueur garantit g\u00e9n\u00e9ralement u<strong>n meilleur entretien des v\u00e9hicules<\/strong> par rapport \u00e0 ceux en France.<\/p>\n<p>En fin de compte, si les prix sont plus bas, c&rsquo;est principalement en raison de <strong>la taille consid\u00e9rable du parc automobile allemand,<\/strong> qui contribue \u00e0 faire baisser les prix.<\/p>\n<p>    Quels sont les sites de petites annonces automobiles ? <\/p>\n<p>Pour d\u00e9buter <strong>votre recherche du <a href=\"https:\/\/www.autojournal.fr\/videos\/defender-parfait-entre-sport-luxe-tuning-video-325665.html\" rel=\"nofollow noopener\" target=\"_blank\">v\u00e9hicule parfait<\/a><\/strong> ou pour avoir une id\u00e9e de ce que propose le march\u00e9 allemand, vous pouvez consulter <strong>un site de petites annonces automobiles<\/strong>.<\/p>\n<p>Parmi les plus connus, il y a le c\u00e9l\u00e8bre <strong>Mobile.de<\/strong>, qui est la version allemande <strong>d&rsquo;Automobile.fr. AutoScout24.<\/strong>de est \u00e9galement bien connu des acheteurs fran\u00e7ais et propose des <a href=\"https:\/\/www.autojournal.fr\/actu\/zfe-consequence-inattendue-annonces-leboncoin-383726.html\" rel=\"nofollow noopener\" target=\"_blank\"><strong>centaines de milliers d&rsquo;annonces<\/strong>.<\/a><\/p>\n<p>De plus, vous pouvez utiliser des outils comme <strong>Leparking.fr,<\/strong> qui vous permet, apr\u00e8s avoir correctement configur\u00e9 les filtres, de rechercher <strong>n&rsquo;importe quel mod\u00e8le sur plusieurs sites d&rsquo;annonces simultan\u00e9ment<\/strong>.<\/p>\n<p> Existe-t-il des mod\u00e8les plus attractifs ? <\/p>\n<p>Effectivement, tout comme en France, nos voisins d\u2019Outre-Rhin ont <strong>une pr\u00e9f\u00e9rence pour leurs marques nationales<\/strong>. Il n&rsquo;est donc pas surprenant de voir que les mod\u00e8les de marques allemandes telles <a href=\"https:\/\/www.autojournal.fr\/environnement\/audi-change-avis-thermique-va-continuer-pendant-10-ans-385924.html\" rel=\"nofollow noopener\" target=\"_blank\"><strong>qu&rsquo;Audi<\/strong><\/a>, <strong>BMW<\/strong>, <a href=\"https:\/\/www.autojournal.fr\/videos\/cette-voiture-chinoise-a-surpasse-mercedes-sur-un-point-bien-precis-386926.html\" rel=\"nofollow noopener\" target=\"_blank\"><strong>Mercedes<\/strong><\/a>, <strong>Mini<\/strong>, <strong>Porsche<\/strong> et <strong>Volkswagen<\/strong> dominent le march\u00e9. Une offre abondante entra\u00eene une concurrence accrue, ce qui peut se traduire par des <strong>r\u00e9ductions int\u00e9ressantes<\/strong>.<\/p>\n<p>Par exemple, <strong>les Porsche d&rsquo;occasion<\/strong> disponibles sur <a href=\"https:\/\/www.caroom.fr\/occasion\/porsche\" rel=\"nofollow noopener\" target=\"_blank\">Caroom<\/a> proviennent d&rsquo;Allemagne et offrent <strong>un excellent rapport qualit\u00e9-prix<\/strong> ainsi qu&rsquo;un <strong>bon suivi<\/strong>. C&rsquo;est l&rsquo;endroit <strong>id\u00e9al<\/strong> pour acqu\u00e9rir une Porsche de qualit\u00e9 <strong>\u00e0 un prix plus bas que ceux pratiqu\u00e9s en France<\/strong>.<\/p>\n<p> Attention aux escroqueries lors de l&rsquo;achat de voitures d&rsquo;occasion <\/p>\n<p>Soyez vigilant et <strong>\u00e9vitez<\/strong> d&rsquo;acheter aupr\u00e8s de <strong>vendeurs multi-marques<\/strong>, <strong>d&rsquo;entreprises nouvellement cr\u00e9\u00e9es<\/strong> ou de <strong>particuliers<\/strong>. Comme ailleurs, il existe des <strong>risques de fraude<\/strong> et il peut \u00eatre compliqu\u00e9 de se retourner contre le vendeur selon l&rsquo;origine du v\u00e9hicule.<\/p>\n<p>Optez de pr\u00e9f\u00e9rence pour <strong>une voiture avec une garantie<\/strong>, ou si ce n&rsquo;est pas possible, pour <a href=\"https:\/\/www.caroom.fr\/guide\/voiture-neuve\/garanties-automobiles\" rel=\"nofollow noopener\" target=\"_blank\">une voiture avec une extension de garantie<\/a> <strong>incluse dans le prix ou propos\u00e9e en option.<\/strong><\/p>\n<p> Les documents \u00e0 obtenir <\/p>\n<p>Le vendeur doit fournir <strong>les deux parties de la carte grise<\/strong>, <strong>le certificat de contr\u00f4le technique<\/strong> (T\u00dcV), <strong>le certificat de conformit\u00e9 europ\u00e9en<\/strong> (COC) et <strong>le carnet d&rsquo;entretien \u00e0 jour<\/strong>. Assurez-vous \u00e9galement que le v\u00e9hicule est bien <strong>sous garantie<\/strong> et que cette <a href=\"https:\/\/www.autojournal.fr\/pratique\/stellantis-moteurs-bluehdi-1-5-gagne-garantie-10-ans-ou-240000-km-387156.html\" rel=\"nofollow noopener\" target=\"_blank\">garantie<\/a> <strong>est valide en France<\/strong> si elle est \u00e9tendue.<\/p>\n<p>    Plaques d&rsquo;immatriculation temporaires <\/p>\n<p>Apr\u00e8s l&rsquo;achat de votre voiture, il est n\u00e9cessaire de <strong>l&rsquo;\u00e9quiper de plaques<\/strong> pour pouvoir la conduire jusqu&rsquo;\u00e0 chez vous. Vous devez demander au vendeur de vous fournir <strong>des plaques de transit<\/strong> (plaques jaunes) pour circuler en Allemagne. Une fois arriv\u00e9 \u00e0 la fronti\u00e8re, vous devrez installer <strong>les plaques WW fran\u00e7aises,<\/strong> que vous aurez obtenues avec votre <a href=\"https:\/\/actu-moteurs.com\/2020\/08\/24\/auto\/actualite\/combien-coutent-des-plaques-ww\/\" rel=\"nofollow noopener\" target=\"_blank\">certificat provisoire d&rsquo;immatriculation<\/a> (CPI).<\/p>\n<p> La l\u00e9galit\u00e9 de la manipulation des compteurs kilom\u00e9triques en Allemagne <\/p>\n<p>Il est important de savoir que, contrairement \u00e0 certaines id\u00e9es re\u00e7ues, <strong>la manipulation des <a href=\"https:\/\/www.autojournal.fr\/actu\/tesla-a-t-il-volontairement-trafique-ses-compteurs-kilometriques-382287.html\" rel=\"nofollow noopener\" target=\"_blank\">compteurs kilom\u00e9triques<\/a> est tout aussi ill\u00e9gale en Allemagne qu&rsquo;en France<\/strong>. Cette pratique est <strong>strictement interdite<\/strong> et les contrevenants risquent une <strong>lourde amende<\/strong> ainsi qu&rsquo;une <strong>peine de prison<\/strong> de deux \u00e0 trois ans.<\/p>\n<p>    L&rsquo;int\u00e9r\u00eat de passer par un courtier <\/p>\n<p>Faire appel \u00e0 un courtier automobile <strong>peut grandement faciliter le processus d&rsquo;achat<\/strong>, tout en <strong>s\u00e9curisant votre acquisition<\/strong> et en <strong>vous \u00e9vitant de <a href=\"https:\/\/www.autojournal.fr\/pratique\/10-conseils-choisir-vehicule-doccasion-268920.html\" rel=\"nofollow noopener\" target=\"_blank\">choisir un mauvais v\u00e9hicule<\/a>.<\/strong> Cependant, il est <strong>crucial<\/strong> de bien choisir votre courtier en <strong>consultant les avis<\/strong>, car la qualit\u00e9 des services peut varier.<\/p>\n","protected":false},"excerpt":{"rendered":"Acheter une voiture en Allemagne, une option s\u00e9duisante mais est-ce vraiment sans risque ? Voici nos meilleurs conseils.&hellip;\n","protected":false},"author":2,"featured_media":224655,"comment_status":"","ping_status":"","sticky":false,"template":"","format":"standard","meta":{"footnotes":""},"categories":[1587],"tags":[11,672,1804,1805,1803,1777,674,1801,1638,12,1802,6055],"class_list":{"0":"post-224654","1":"post","2":"type-post","3":"status-publish","4":"format-standard","5":"has-post-thumbnail","7":"category-allemagne","8":"tag-actualites","9":"tag-allemagne","10":"tag-bundesrepublik-deutschland","11":"tag-de","12":"tag-deutschland","13":"tag-eu","14":"tag-europe","15":"tag-germany","16":"tag-has_diapo","17":"tag-news","18":"tag-republique-federale-dallemagne","19":"tag-republishing"},"share_on_mastodon":{"url":"https:\/\/pubeurope.com\/@fr\/114792789644194764","error":""},"_links":{"self":[{"href":"https:\/\/www.europesays.com\/fr\/wp-json\/wp\/v2\/posts\/224654","targetHints":{"allow":["GET"]}}],"collection":[{"href":"https:\/\/www.europesays.com\/fr\/wp-json\/wp\/v2\/posts"}],"about":[{"href":"https:\/\/www.europesays.com\/fr\/wp-json\/wp\/v2\/types\/post"}],"author":[{"embeddable":true,"href":"https:\/\/www.europesays.com\/fr\/wp-json\/wp\/v2\/users\/2"}],"replies":[{"embeddable":true,"href":"https:\/\/www.europesays.com\/fr\/wp-json\/wp\/v2\/comments?post=224654"}],"version-history":[{"count":0,"href":"https:\/\/www.europesays.com\/fr\/wp-json\/wp\/v2\/posts\/224654\/revisions"}],"wp:featuredmedia":[{"embeddable":true,"href":"https:\/\/www.europesays.com\/fr\/wp-json\/wp\/v2\/media\/224655"}],"wp:attachment":[{"href":"https:\/\/www.europesays.com\/fr\/wp-json\/wp\/v2\/media?parent=224654"}],"wp:term":[{"taxonomy":"category","embeddable":true,"href":"https:\/\/www.europesays.com\/fr\/wp-json\/wp\/v2\/categories?post=224654"},{"taxonomy":"post_tag","embeddable":true,"href":"https:\/\/www.europesays.com\/fr\/wp-json\/wp\/v2\/tags?post=224654"}],"curies":[{"name":"wp","href":"https:\/\/api.w.org\/{rel}","templated":true}]}}