{"id":224658,"date":"2025-07-04T03:16:10","date_gmt":"2025-07-04T03:16:10","guid":{"rendered":"https:\/\/www.europesays.com\/fr\/224658\/"},"modified":"2025-07-04T03:16:10","modified_gmt":"2025-07-04T03:16:10","slug":"lue-se-dit-prete-a-un-accord-avec-washington-avant-une-reunion-cle","status":"publish","type":"post","link":"https:\/\/www.europesays.com\/fr\/224658\/","title":{"rendered":"l&rsquo;UE se dit \u00abpr\u00eate\u00bb \u00e0 un accord avec Washington avant une r\u00e9union cl\u00e9"},"content":{"rendered":"<p class=\"fig-paragraph\">L&rsquo;Union europ\u00e9enne est \u00abpr\u00eate \u00e0 conclure un accord\u00bb avec les \u00c9tats-Unis sur les droits de douane, a d\u00e9clar\u00e9 la pr\u00e9sidente de la Commission europ\u00e9enne, Ursula von der Leyen, avant une r\u00e9union cruciale de n\u00e9gociation jeudi.<\/p>\n<p class=\"fig-paragraph\">Le commissaire europ\u00e9en au Commerce, Maros Sefcovic, est en d\u00e9placement \u00e0 Washington o\u00f9 il doit rencontrer ses homologues am\u00e9ricains afin de trouver un accord commercial avant la date butoir du 9 juillet fix\u00e9e par Donald Trump.<\/p>\n<p>                                    <a class=\"fig-a11y-skip a11y-hidden\" href=\"#fig-a11y-skip-main-inarticle\"><br \/>\n        Passer la publicit\u00e9<br \/>\n    <\/a><\/p>\n<p class=\"fig-paragraph\">\u00abNous souhaitons une solution n\u00e9goci\u00e9e, mais vous savez tous qu&rsquo;en m\u00eame temps, nous nous pr\u00e9parons \u00e0 la possibilit\u00e9 qu&rsquo;aucun accord satisfaisant ne soit trouv\u00e9\u00bb, a ajout\u00e9 la pr\u00e9sidente de l&rsquo;ex\u00e9cutif europ\u00e9en, lors d&rsquo;une conf\u00e9rence de presse \u00e0 Aarhus, au Danemark.<\/p>\n","protected":false},"excerpt":{"rendered":"L&rsquo;Union europ\u00e9enne est \u00abpr\u00eate \u00e0 conclure un accord\u00bb avec les \u00c9tats-Unis sur les droits de douane, a d\u00e9clar\u00e9&hellip;\n","protected":false},"author":2,"featured_media":224659,"comment_status":"","ping_status":"","sticky":false,"template":"","format":"standard","meta":{"footnotes":""},"categories":[1586],"tags":[11,1777,674,1779,1011,27,12,25,2658,1778,364],"class_list":{"0":"post-224658","1":"post","2":"type-post","3":"status-publish","4":"format-standard","5":"has-post-thumbnail","7":"category-europe","8":"tag-actualites","9":"tag-eu","10":"tag-europe","11":"tag-european-union","12":"tag-fr","13":"tag-france","14":"tag-news","15":"tag-republique-francaise","16":"tag-taxes-douanieres","17":"tag-ue","18":"tag-union-europeenne"},"share_on_mastodon":{"url":"https:\/\/pubeurope.com\/@fr\/114792797579214625","error":""},"_links":{"self":[{"href":"https:\/\/www.europesays.com\/fr\/wp-json\/wp\/v2\/posts\/224658","targetHints":{"allow":["GET"]}}],"collection":[{"href":"https:\/\/www.europesays.com\/fr\/wp-json\/wp\/v2\/posts"}],"about":[{"href":"https:\/\/www.europesays.com\/fr\/wp-json\/wp\/v2\/types\/post"}],"author":[{"embeddable":true,"href":"https:\/\/www.europesays.com\/fr\/wp-json\/wp\/v2\/users\/2"}],"replies":[{"embeddable":true,"href":"https:\/\/www.europesays.com\/fr\/wp-json\/wp\/v2\/comments?post=224658"}],"version-history":[{"count":0,"href":"https:\/\/www.europesays.com\/fr\/wp-json\/wp\/v2\/posts\/224658\/revisions"}],"wp:featuredmedia":[{"embeddable":true,"href":"https:\/\/www.europesays.com\/fr\/wp-json\/wp\/v2\/media\/224659"}],"wp:attachment":[{"href":"https:\/\/www.europesays.com\/fr\/wp-json\/wp\/v2\/media?parent=224658"}],"wp:term":[{"taxonomy":"category","embeddable":true,"href":"https:\/\/www.europesays.com\/fr\/wp-json\/wp\/v2\/categories?post=224658"},{"taxonomy":"post_tag","embeddable":true,"href":"https:\/\/www.europesays.com\/fr\/wp-json\/wp\/v2\/tags?post=224658"}],"curies":[{"name":"wp","href":"https:\/\/api.w.org\/{rel}","templated":true}]}}