{"id":224666,"date":"2025-07-04T03:22:11","date_gmt":"2025-07-04T03:22:11","guid":{"rendered":"https:\/\/www.europesays.com\/fr\/224666\/"},"modified":"2025-07-04T03:22:11","modified_gmt":"2025-07-04T03:22:11","slug":"voici-les-poules-pour-la-saison-2025-2026-et-le-calendrier","status":"publish","type":"post","link":"https:\/\/www.europesays.com\/fr\/224666\/","title":{"rendered":"voici les poules pour la saison 2025-2026, et le calendrier"},"content":{"rendered":"<p>            Par<br \/>\n        <strong><br \/>\n            <a href=\"https:\/\/actu.fr\/auteur\/thomas-corbet-actu-fr\" title=\"Consulter tous les articles de Thomas Corbet\" rel=\"nofollow noopener\" target=\"_blank\">Thomas Corbet<\/a><br \/>\n        <\/strong><\/p>\n<p>        Publi\u00e9 le<\/p>\n<p>            3 juil. 2025 \u00e0 16h55        <\/p>\n<p>La saison \u00e0 peine finie en <a href=\"https:\/\/actu.fr\/rugby\/amateurs\" rel=\"nofollow noopener\" target=\"_blank\">rugby amateur<\/a> qu\u2019il est d\u00e9j\u00e0 l\u2019heure de se projeter sur la prochaine. Voici donc les <strong>poules de F\u00e9d\u00e9rale 2 pour la saison 2025-2026<\/strong>\u00a0ainsi que les dates importantes du calendrier.\u00a0<\/p>\n<p>F\u00e9d\u00e9rale 2 : les poules 2025-2026<\/p>\n<p class=\" wall-content\">Poule 1 :\u00a0<\/p>\n<ul class=\" wall-content\">\n<li>Antony M\u00e9tro<\/li>\n<li>Bourges<\/li>\n<li>Bagneux<\/li>\n<li>Le Creusot<\/li>\n<li>PUC<\/li>\n<li>Auxerre<\/li>\n<li>Vincennes<\/li>\n<li>Clermont\/Cournon d\u2019Auvergne<\/li>\n<li>Riom<\/li>\n<li>Chalon-sur-Sa\u00f4ne<\/li>\n<li>Ris-Orangis<\/li>\n<li>Nantua<\/li>\n<\/ul>\n<p class=\" wall-content\">Poule 2 :\u00a0<\/p>\n<ul class=\" wall-content\">\n<li>Bi\u00e8vre\/Saint-Geoirs<\/li>\n<li>Villefranche-sur-Sa\u00f4ne<\/li>\n<li>Lons-le-Saunier<\/li>\n<li>Saint-Claude<\/li>\n<li>Rillieux<\/li>\n<li>Andr\u00e9zieux\/Bouth\u00e9on<\/li>\n<li>Saint-Jean-de-Bournay<\/li>\n<li>La Tour-du-Pin<\/li>\n<li>Saint-Priest<\/li>\n<li>Saint-Savin<\/li>\n<li>Voiron<\/li>\n<li>XV de la Dombes<\/li>\n<\/ul>\n<p class=\" wall-content\">Poule 3 :\u00a0<\/p>\n<p>Vid\u00e9os : en ce moment sur Actu<\/p>\n<ul class=\" wall-content\">\n<li>Monaco<\/li>\n<li>Avignon\/Le Pontet<\/li>\n<li>Grasse<\/li>\n<li>Aubagne<\/li>\n<li>Les Angles<\/li>\n<li>Palavas<\/li>\n<li>Millau<\/li>\n<li>Saint-Marcellin<\/li>\n<li>Servian\/Boujan<\/li>\n<li>P\u00e9zenas<\/li>\n<li>Cavaillon<\/li>\n<li>Mont\u00e9limar<\/li>\n<\/ul>\n<p class=\" wall-content\">Poule 4 :\u00a0<\/p>\n<ul class=\" wall-content\">\n<li>Castanet<\/li>\n<li>Balma<\/li>\n<li>L\u00e9guevin<\/li>\n<li>Gimont<\/li>\n<li>Villefranche-de-Lauragais<\/li>\n<li>Prades<\/li>\n<li>Lombez-Samatan<\/li>\n<li>Salanque C\u00f4te Radieuse<\/li>\n<li>Rieumes<\/li>\n<li>Leucate<\/li>\n<li>Thuir<\/li>\n<li>Quillan\/Limoux<\/li>\n<\/ul>\n<p class=\" wall-content\">Poule 5 :\u00a0<\/p>\n<ul class=\" wall-content\">\n<li>Pont Long<\/li>\n<li>Boucau\/Tarnos<\/li>\n<li>Emak Hor<\/li>\n<li>Aramits\/Asasp<\/li>\n<li>Hasparren<\/li>\n<li>Larressore<\/li>\n<li>Oursbelille\/Bord\u00e8res<\/li>\n<li>Navarrenx<\/li>\n<li>Coarraze\/Nay<\/li>\n<li>Morla\u00e0s<\/li>\n<li>Mouguerre<\/li>\n<li>Ger\/Seron\/Bedeil\u00a0<\/li>\n<\/ul>\n<p class=\" wall-content\">\u00a0Poule 6 :\u00a0<\/p>\n<ul class=\" wall-content\">\n<li>Lavaur<\/li>\n<li>Malemort\/Brive<\/li>\n<li>Arpajon\/Veinazes<\/li>\n<li>Rodez<\/li>\n<li>Causse-V\u00e9z\u00e8re<\/li>\n<li>Decazeville<\/li>\n<li>Sor Agout<\/li>\n<li>Beaumont-de-Lomagne<\/li>\n<li>Belves<\/li>\n<li>Vergt<\/li>\n<li>Canton d\u2019Alban<\/li>\n<li>Caussade<\/li>\n<\/ul>\n<p class=\" wall-content\">Poule 7 :\u00a0<\/p>\n<ul class=\" wall-content\">\n<li>M\u00e9rignac<\/li>\n<li>Lormont<\/li>\n<li>La Roche-sur-Yon<\/li>\n<li>Les Sables d\u2019Olonne<\/li>\n<li>Rion\/Morcenx<\/li>\n<li>Villeneuve-sur-Lot<\/li>\n<li>Surg\u00e8res<\/li>\n<li>Stade Bordelais<\/li>\n<li>Bazas<\/li>\n<li>Castillon<\/li>\n<li>Mugron<\/li>\n<li>Casteljaloux<\/li>\n<\/ul>\n<p class=\" wall-content\">Poule 8 :\u00a0<\/p>\n<ul class=\" wall-content\">\n<li>Chartres<\/li>\n<li>Gennevilliers<\/li>\n<li>\u00c9vreux<\/li>\n<li>Le Havre<\/li>\n<li>Maisons-Laffitte\/Saint-Germain\/Poissy<\/li>\n<li>Plaisir<\/li>\n<li>Roubaix<\/li>\n<li>Versailles<\/li>\n<li>Meaux<\/li>\n<li>Le Rheu<\/li>\n<li>SCUF<\/li>\n<li>Caen<\/li>\n<\/ul>\n<p>F\u00e9d\u00e9rale 2 : le calendrier<\/p>\n<p class=\" wall-content\">Avec 8 poules de 12 \u00e9quipes, la phase qualificative de F\u00e9d\u00e9rale 2 se d\u00e9roulera donc en 22 journ\u00e9es et d\u00e9marrera le week-end des 13 et 14 septembre. Elle se terminera celui des 25 et 26 avril.<\/p>\n<p class=\" wall-content\">En suivant, la phase finale d\u00e9butera par des matchs de barrage les 2\/3 mai. La grande finale est quant \u00e0 elle programm\u00e9e le week-end du 27 et du 28 juin.<\/p>\n<p class=\" wall-content\">Suivez toute l\u2019actualit\u00e9 de vos villes et m\u00e9dias favoris en vous inscrivant \u00e0 <a href=\"https:\/\/moncompte.actu.fr\" title=\"D\u00e9couvez Mon Actu\" rel=\"nofollow noopener\" data-trk=\"{&quot;cta&quot;:{&quot;action&quot;:&quot;https:\\\/\\\/moncompte.actu.fr&quot;,&quot;category&quot;:&quot;mon compte&quot;,&quot;from&quot;:&quot;article footer&quot;,&quot;name&quot;:&quot;Mon actu&quot;,&quot;type&quot;:&quot;cta&quot;}}\" target=\"_blank\">Mon Actu<\/a>.<\/p>\n","protected":false},"excerpt":{"rendered":"Par Thomas Corbet Publi\u00e9 le 3 juil. 2025 \u00e0 16h55 La saison \u00e0 peine finie en rugby amateur&hellip;\n","protected":false},"author":2,"featured_media":224667,"comment_status":"","ping_status":"","sticky":false,"template":"","format":"standard","meta":{"footnotes":""},"categories":[1416],"tags":[5592,4127,1011,27,479,4126,1468,60],"class_list":{"0":"post-224666","1":"post","2":"type-post","3":"status-publish","4":"format-standard","5":"has-post-thumbnail","7":"category-rugby","8":"tag-amateurs","9":"tag-federale","10":"tag-fr","11":"tag-france","12":"tag-rugby","13":"tag-rugby-amateur","14":"tag-rugby-football","15":"tag-sports"},"share_on_mastodon":{"url":"https:\/\/pubeurope.com\/@fr\/114792821116865691","error":""},"_links":{"self":[{"href":"https:\/\/www.europesays.com\/fr\/wp-json\/wp\/v2\/posts\/224666","targetHints":{"allow":["GET"]}}],"collection":[{"href":"https:\/\/www.europesays.com\/fr\/wp-json\/wp\/v2\/posts"}],"about":[{"href":"https:\/\/www.europesays.com\/fr\/wp-json\/wp\/v2\/types\/post"}],"author":[{"embeddable":true,"href":"https:\/\/www.europesays.com\/fr\/wp-json\/wp\/v2\/users\/2"}],"replies":[{"embeddable":true,"href":"https:\/\/www.europesays.com\/fr\/wp-json\/wp\/v2\/comments?post=224666"}],"version-history":[{"count":0,"href":"https:\/\/www.europesays.com\/fr\/wp-json\/wp\/v2\/posts\/224666\/revisions"}],"wp:featuredmedia":[{"embeddable":true,"href":"https:\/\/www.europesays.com\/fr\/wp-json\/wp\/v2\/media\/224667"}],"wp:attachment":[{"href":"https:\/\/www.europesays.com\/fr\/wp-json\/wp\/v2\/media?parent=224666"}],"wp:term":[{"taxonomy":"category","embeddable":true,"href":"https:\/\/www.europesays.com\/fr\/wp-json\/wp\/v2\/categories?post=224666"},{"taxonomy":"post_tag","embeddable":true,"href":"https:\/\/www.europesays.com\/fr\/wp-json\/wp\/v2\/tags?post=224666"}],"curies":[{"name":"wp","href":"https:\/\/api.w.org\/{rel}","templated":true}]}}