{"id":224670,"date":"2025-07-04T03:25:18","date_gmt":"2025-07-04T03:25:18","guid":{"rendered":"https:\/\/www.europesays.com\/fr\/224670\/"},"modified":"2025-07-04T03:25:18","modified_gmt":"2025-07-04T03:25:18","slug":"alex-marquez-revient-sur-la-piste-apres-une-main-brisee","status":"publish","type":"post","link":"https:\/\/www.europesays.com\/fr\/224670\/","title":{"rendered":"Alex Marquez revient sur la piste apr\u00e8s une main bris\u00e9e"},"content":{"rendered":"<p>ARTA &#8211; Pendant son apparition au MotoGP n\u00e9erlandais 2025 le dimanche 26 juin 2025, Alex Marquez a subi un accident qui a caus\u00e9 une f\u00e9mure d\u2019un os gauche. Cette situation soul\u00e8ve ensuite des questions sur les chances du pilote de reprendre l\u2019action.<\/p>\n<p>in 5 sur le circuit d\u2019assen, Alex a eu un accident qui a caus\u00e9 une brise de sa main, pr\u00e9cis\u00e9ment dans l\u2019os du m\u00e9tacarpal dans la joue. Une action rapide est effectu\u00e9e imm\u00e9diatement en am\u00e8ne Alex \u00e0 subir une intervention chirurgicale.<\/p>\n<p>an, qui a \u00e9t\u00e9 effectu\u00e9 par un succ\u00e8s et Alex ne r\u00e9cup\u00e8re actuellement qu\u2019\u00e0 la gu\u00e9rison. Gresini a \u00e9galement fait une d\u00e9claration qu\u2019il ne voulait pas forcer Alex \u00e0 se pr\u00e9cipiter pour retourner rapidement sur la voie.<\/p>\n<p>\u00ab Nous devons parler au m\u00e9decin du processus de r\u00e9adaptation de sa main. Voyons. \u00bb<\/p>\n<p>ina : \u00ab Tout ce que je peux dire, c\u2019est que je vais lui demander de prendre le temps pour une bonne r\u00e9cup\u00e9ration et de retourner \u00e0 la place comme avant, au meilleur niveau \u00bb, a d\u00e9clar\u00e9 le manager de Gresini, Michele Masini, cit\u00e9 par Paddock GP le mardi 1er juillet 2025.<\/p>\n<p>ero, la prochaine s\u00e9rie MotoGP est le MotoGP allemand 2025 qui aura lieu le 13 juillet 2025. Une semaine plus tard, le MotoGP de Ceska 2025 s\u2019est tenu imm\u00e9diatement avant la course d\u2019entrer dans la mi-saisonne de un mois.<\/p>\n<p>al sur la blessure subie par Raul Fernandez, cit\u00e9 par les \u00c9tats-Unis, la possibilit\u00e9 d\u2019Alex de participer \u00e0 la course MotoGP allemand 2025 est encore largement ouverte. Parce que lorsque Fernandez a subi une f\u00e9mure de m\u00e9tacarpal lors d\u2019une s\u00e9ance d\u2019essais \u00e0 Sepang, le 5 f\u00e9vrier 2025, sept jours plus tard, il \u00e9tait revenu \u00e0 la moto lors d\u2019un test \u00e0 Buriram.<\/p>\n<p>al sur les deux consid\u00e9rations, Alex Marquez devrait \u00eatre en mesure d\u2019appara\u00eetre sur la piste MotoGP. Si Alex se sent pr\u00eat, il sera directement repr\u00e9sent\u00e9 dans le MotoGP allemand 2025.<\/p>\n<p>Alex a encore besoin de repos, il pourra participer au MotoGP Ceska 2022 une semaine plus tard.<\/p>\n<p>La possibilit\u00e9 que le plus longtemps manqu\u00e9 d\u2019Alex sur la piste de course en raison de cette blessure \u00e9tait de deux s\u00e9ries de courses car il y avait une pause saisonni\u00e8re d\u2019un mois.<\/p>\n<p>The English, Chinese, Japanese, Arabic, and French versions are automatically generated by the AI. So there may still be inaccuracies in translating, please always see Indonesian as our main language.<br \/>\n                                    (system supported by DigitalSiber.id)<\/p>\n","protected":false},"excerpt":{"rendered":"ARTA &#8211; Pendant son apparition au MotoGP n\u00e9erlandais 2025 le dimanche 26 juin 2025, Alex Marquez a subi&hellip;\n","protected":false},"author":2,"featured_media":224671,"comment_status":"","ping_status":"","sticky":false,"template":"","format":"standard","meta":{"footnotes":""},"categories":[1413],"tags":[1011,27,36358,1457,1456,34423,36357,60],"class_list":{"0":"post-224670","1":"post","2":"type-post","3":"status-publish","4":"format-standard","5":"has-post-thumbnail","7":"category-moto","8":"tag-fr","9":"tag-france","10":"tag-gresini","11":"tag-moto","12":"tag-motocycle","13":"tag-motogp-2022","14":"tag-ronyme-alex-marquez","15":"tag-sports"},"share_on_mastodon":{"url":"https:\/\/pubeurope.com\/@fr\/114792832915191842","error":""},"_links":{"self":[{"href":"https:\/\/www.europesays.com\/fr\/wp-json\/wp\/v2\/posts\/224670","targetHints":{"allow":["GET"]}}],"collection":[{"href":"https:\/\/www.europesays.com\/fr\/wp-json\/wp\/v2\/posts"}],"about":[{"href":"https:\/\/www.europesays.com\/fr\/wp-json\/wp\/v2\/types\/post"}],"author":[{"embeddable":true,"href":"https:\/\/www.europesays.com\/fr\/wp-json\/wp\/v2\/users\/2"}],"replies":[{"embeddable":true,"href":"https:\/\/www.europesays.com\/fr\/wp-json\/wp\/v2\/comments?post=224670"}],"version-history":[{"count":0,"href":"https:\/\/www.europesays.com\/fr\/wp-json\/wp\/v2\/posts\/224670\/revisions"}],"wp:featuredmedia":[{"embeddable":true,"href":"https:\/\/www.europesays.com\/fr\/wp-json\/wp\/v2\/media\/224671"}],"wp:attachment":[{"href":"https:\/\/www.europesays.com\/fr\/wp-json\/wp\/v2\/media?parent=224670"}],"wp:term":[{"taxonomy":"category","embeddable":true,"href":"https:\/\/www.europesays.com\/fr\/wp-json\/wp\/v2\/categories?post=224670"},{"taxonomy":"post_tag","embeddable":true,"href":"https:\/\/www.europesays.com\/fr\/wp-json\/wp\/v2\/tags?post=224670"}],"curies":[{"name":"wp","href":"https:\/\/api.w.org\/{rel}","templated":true}]}}