{"id":224674,"date":"2025-07-04T03:27:24","date_gmt":"2025-07-04T03:27:24","guid":{"rendered":"https:\/\/www.europesays.com\/fr\/224674\/"},"modified":"2025-07-04T03:27:24","modified_gmt":"2025-07-04T03:27:24","slug":"tdf-tour-de-france-primoz-roglic-a-36-ans-je-nai-rien-a-prouver-a-personne","status":"publish","type":"post","link":"https:\/\/www.europesays.com\/fr\/224674\/","title":{"rendered":"TDF. Tour de France &#8211; Primoz Roglic : \u00abA 36 ans, je n&rsquo;ai rien \u00e0 prouver \u00e0 personne\u00bb"},"content":{"rendered":"<p>Apr\u00e8s son abandon sur le dernier <strong>Tour d&rsquo;Italie<\/strong>, c&rsquo;est un <strong><a href=\"https:\/\/www.cyclismactu.net\/..\/news-tour-de-france-route-red-bull-bora-hansgrohe-avec-roglic-lipowitz-des-surprises-88572.html\" target=\"_blank\" rel=\"nofollow noopener\">Primoz Roglic<\/a> <\/strong>(Red-Bull Bora-Hansgrohe) sans rep\u00e8res qui se pr\u00e9sente au d\u00e9part du <strong>Tour de France<\/strong>. Aux c\u00f4t\u00e9s de <strong><a href=\"https:\/\/www.cyclismactu.net\/..\/news-criterium-du-dauphine-route-florian-lipowitz-jamais-n-aurais-imagine-ca-88380.html\" target=\"_blank\" rel=\"nofollow noopener\">Florian Lipwoitz<\/a><\/strong>, le Slov\u00e8ne tentera de monter sur la bo\u00eete \u00e0 Paris, apr\u00e8s avoir, semble-t-il, compris qu&rsquo;il \u00e9tait d\u00e9sormais impossible de s&rsquo;imposer. En conf\u00e9rence de presse, le quadruple vainqueur de <strong>La Vuelta<\/strong>\u00a0ne s&rsquo;est pas vraiment mis la pression \u00e0 l&rsquo;aube de sa 7e Grande Boucle.<\/p>\n<p>Vid\u00e9o &#8211; La conf\u00e9rence de presse de Primoz Roglic Lire la suite de l&rsquo;article&#13;<\/p>\n<p>\u00a0<\/p>\n<p>&#13;<br \/>\n\u00ab\u00a0Toujours heureux d&rsquo;\u00eatre au d\u00e9part\u00a0\u00bb&#13;<\/p>\n<p>Interrog\u00e9 sur la place et le r\u00f4le qu&rsquo;il aura \u00e0 jouer \u00e0 c\u00f4t\u00e9 des mastodontes du cyclisme, <strong>Primoz Roglic <\/strong>a donn\u00e9 une r\u00e9ponse d\u00e9routante, et aborde sans pression ce <strong>Tour de France<\/strong>\u00a0:\u00a0\u00ab\u00a0Je n&rsquo;ai pas vraiment besoin de d\u00e9signer mes rivaux. Evidemment, vu la fa\u00e7on avec laquelle courent Tadej Pogacar et Jonas Vingegaard, Remco Evenepoel&#8230; mais nous avons aussi des gars costauds avec Florian Lipowitz qui a fini 3e du Dauphin\u00e9, donc on vise aussi le podium sur le Tour de France.\u00a0Je dois faire ma course, me concentrer sur moi et donner le meilleur de ma personne. Peut-\u00eatre que je pourrai encore faire quelque chose de grand, en tout cas c&rsquo;est un privil\u00e8ge de courir avec eux, de c\u00f4toyer de jeunes coureurs aussi forts.\u00a0De mon c\u00f4t\u00e9, j&rsquo;en ai pas grand chose \u00e0 faire, \u00e0 36 ans, le gagner ou pas le gagner, je ne vais plus jouer ma vie. Pourquoi je suis l\u00e0, je suis toujours heureux d&rsquo;\u00eatre capable d&rsquo;\u00eatre au d\u00e9part du Tour de France, de prendre part au plus grand \u00e9venement du cyclisme. J&rsquo;ai connu ce genre de probl\u00e8mes, mais l&rsquo;important c&rsquo;est surtout la fa\u00e7on dont on g\u00e8re ces situations par la suite, savoir en tirer des enseignements. On ne peut pas go\u00fbter la saveur des bonnes choses sans conna\u00eetre les difficult\u00e9s. Apr\u00e8s le Giro j&rsquo;ai \u00e9t\u00e9 sous antibiotiques, j&rsquo;ai travaill\u00e9 dur pour me relever et je suis l\u00e0. D&rsquo;ailleurs je n&rsquo;ai rien \u00e0 prouver \u00e0 personne, on fera les comptes \u00e0 la fin\u00a0\u00bb.<\/p>\n<p>&#13;<\/p>\n<p>Egalement questionn\u00e9 sur le parcours et plus particuli\u00e8rement sa premi\u00e8re semaine, le Slov\u00e8ne a expliqu\u00e9 vouloir \u00ab\u00a0survivre\u00a0\u00bb:\u00a0\u00ab\u00a0Oui, il est probablement pr\u00e9f\u00e9rable de survivre en premi\u00e8re semaine. C&rsquo;est probablement un bon exemple de ce qui s&rsquo;est pass\u00e9 l&rsquo;ann\u00e9e derni\u00e8re en France. Donc, oui, il faut aller jusqu&rsquo;au bout.\u00a0<\/p>\n","protected":false},"excerpt":{"rendered":"Apr\u00e8s son abandon sur le dernier Tour d&rsquo;Italie, c&rsquo;est un Primoz Roglic (Red-Bull Bora-Hansgrohe) sans rep\u00e8res qui se&hellip;\n","protected":false},"author":2,"featured_media":224675,"comment_status":"","ping_status":"","sticky":false,"template":"","format":"standard","meta":{"footnotes":""},"categories":[1411],"tags":[1154,207,211,1011,27,209,60,210,212,208,213],"class_list":{"0":"post-224674","1":"post","2":"type-post","3":"status-publish","4":"format-standard","5":"has-post-thumbnail","7":"category-cyclisme","8":"tag-cycling","9":"tag-cyclisme","10":"tag-ffc","11":"tag-fr","12":"tag-france","13":"tag-route","14":"tag-sports","15":"tag-tour-de-france","16":"tag-uci","17":"tag-velo","18":"tag-world-tour"},"share_on_mastodon":{"url":"https:\/\/pubeurope.com\/@fr\/114792840809097486","error":""},"_links":{"self":[{"href":"https:\/\/www.europesays.com\/fr\/wp-json\/wp\/v2\/posts\/224674","targetHints":{"allow":["GET"]}}],"collection":[{"href":"https:\/\/www.europesays.com\/fr\/wp-json\/wp\/v2\/posts"}],"about":[{"href":"https:\/\/www.europesays.com\/fr\/wp-json\/wp\/v2\/types\/post"}],"author":[{"embeddable":true,"href":"https:\/\/www.europesays.com\/fr\/wp-json\/wp\/v2\/users\/2"}],"replies":[{"embeddable":true,"href":"https:\/\/www.europesays.com\/fr\/wp-json\/wp\/v2\/comments?post=224674"}],"version-history":[{"count":0,"href":"https:\/\/www.europesays.com\/fr\/wp-json\/wp\/v2\/posts\/224674\/revisions"}],"wp:featuredmedia":[{"embeddable":true,"href":"https:\/\/www.europesays.com\/fr\/wp-json\/wp\/v2\/media\/224675"}],"wp:attachment":[{"href":"https:\/\/www.europesays.com\/fr\/wp-json\/wp\/v2\/media?parent=224674"}],"wp:term":[{"taxonomy":"category","embeddable":true,"href":"https:\/\/www.europesays.com\/fr\/wp-json\/wp\/v2\/categories?post=224674"},{"taxonomy":"post_tag","embeddable":true,"href":"https:\/\/www.europesays.com\/fr\/wp-json\/wp\/v2\/tags?post=224674"}],"curies":[{"name":"wp","href":"https:\/\/api.w.org\/{rel}","templated":true}]}}