{"id":224678,"date":"2025-07-04T03:29:22","date_gmt":"2025-07-04T03:29:22","guid":{"rendered":"https:\/\/www.europesays.com\/fr\/224678\/"},"modified":"2025-07-04T03:29:22","modified_gmt":"2025-07-04T03:29:22","slug":"anne-elisabeth-lemoine-ralentit-le-rythme-sur-c-a-vous-a-la-rentree-decouvrez-qui-va-la-remplacer","status":"publish","type":"post","link":"https:\/\/www.europesays.com\/fr\/224678\/","title":{"rendered":"Anne-\u00c9lisabeth Lemoine ralentit le rythme sur C \u00e0 vous \u00e0 la rentr\u00e9e, d\u00e9couvrez qui va la remplacer"},"content":{"rendered":"<p>Ce vendredi 4 juillet, Anne-\u00c9lisabeth Lemoine cl\u00f4turera la 16e saison de C \u00e0 vous sur France 5. L&rsquo;animatrice sera de retour \u00e0 la pr\u00e9sentation de l&rsquo;\u00e9mission d\u00e8s le mois de septembre&#8230; mais il y aura du changement !<\/p>\n<p>Il va y avoir du changement \u00e0 la rentr\u00e9e sur les \u00e9crans de t\u00e9l\u00e9vision. D\u00e8s le mois de septembre,<a href=\"https:\/\/www.programme-tv.net\/news\/tv\/378801-tout-beau-tout-9-cyril-hanouna-devoile-le-nom-des-premiers-chroniqueurs-de-sa-nouvelle-emission-sur-w9\/\" data-api-deeplink=\"teleloisirs:\/\/news\/378801\" target=\"_blank\" rel=\"noopener\"> Cyril Hanouna et sa clique vont d\u00e9barquer sur W9<\/a> avec une nouvelle \u00e9mission de d\u00e9but de soir\u00e9e. Le groupe M6 ne s&rsquo;est pas arr\u00eat\u00e9 l\u00e0 puisqu&rsquo;il a aussi recrut\u00e9 <a href=\"https:\/\/www.programme-tv.net\/biographie\/527-minne-olivier\/\" data-link-people=\"d2947cdb-e80b-4454-b58f-a90a824ca361\" target=\"_blank\" rel=\"noopener\">Olivier Minne<\/a> et <a href=\"https:\/\/www.programme-tv.net\/biographie\/11421-lapix-anne-sophie\/\" data-link-people=\"7c88e2fe-9bc4-44dc-9a4d-bf2788e5520b\" target=\"_blank\" rel=\"noopener\">Anne-Sophie Lapix<\/a>. Cette derni\u00e8re sera remplac\u00e9e par<a href=\"https:\/\/www.programme-tv.net\/news\/tv\/382089-anne-sophie-lapix-a-presente-son-dernier-20h-sur-france-2-la-belle-reaction-de-lea-salame-qui-lui-succedera-a-la-rentree\/\" data-api-deeplink=\"teleloisirs:\/\/news\/382089\" target=\"_blank\" rel=\"noopener\"> L\u00e9a Salam\u00e9 \u00e0 la pr\u00e9sentation du JT de France 2<\/a>. Plus surprenant, <a href=\"https:\/\/www.programme-tv.net\/news\/tv\/382316-c-est-officiel-faustine-bollaert-remplacera-laurence-boccolini-aux-commandes-des-enfants-de-la-tele-a-la-rentree\/\" data-api-deeplink=\"teleloisirs:\/\/news\/382316\" target=\"_blank\" rel=\"noopener\">Laurence Boccolini a \u00e9t\u00e9 \u00e9vinc\u00e9e des Enfants de la t\u00e9l\u00e9 <\/a>au profit de <a href=\"https:\/\/www.programme-tv.net\/biographie\/20677-bollaert-faustine\/\" data-link-people=\"6fb36e3c-14ee-4eeb-add6-6ddf02d372e1\" target=\"_blank\" rel=\"noopener\">Faustine Bollaert<\/a> dont l&rsquo;image est indissociable de \u00c7a commence aujourd&rsquo;hui. Alors que le mercato t\u00e9l\u00e9 de la rentr\u00e9e 2025-2026 fait rage, pour C \u00e0 vous sur France 5 c&rsquo;est plut\u00f4t \u00ab\u00a0on prend les m\u00eames et on recommence\u00a0\u00bb. Comme l&rsquo;annonce <a href=\"https:\/\/www.leparisien.fr\/culture-loisirs\/tv\/c-a-vous-bouge-a-la-rentree-anne-elisabeth-lemoine-du-lundi-au-jeudi-mohamed-bouhafsi-en-fin-de-semaine-03-07-2025-Y4EWZHXJERBWBIMRMAJ4KLDPE4.php\" target=\"_blank\" rel=\"noopener\">Le Parisien<\/a> ce jeudi 3 juillet, Anne-\u00c9lisabeth Lemoine sera toujours au rendez-vous.<\/p>\n<p>Anne-\u00c9lisabeth Lemoine ne sera plus \u00e0 l&rsquo;antenne de C \u00e0 vous les vendredis, d\u00e9couvrez qui va la remplacer<\/p>\n<p>Si Anne-\u00c9lisabeth Lemoine rempile bien pour une 17e saison de C \u00e0 vous sur France 5, elle compte cependant ralentir le rythme. D&rsquo;apr\u00e8s les informations du Parisien,<b> l&rsquo;animatrice laissera les commandes \u00e0 Mohamed Bouhafsi tous les vendredis<\/b>. \u00ab\u00a0C&rsquo;est une d\u00e9cision que j&rsquo;ai prise en commun accord avec France T\u00e9l\u00e9visions et la production (3e \u0152il du groupe Mediawan)\u00a0\u00bb, assure celle qui est surnomm\u00e9e Babeth par son \u00e9quipe. \u00ab\u00a0Je suis extr\u00eamement fi\u00e8re de pr\u00e9senter chaque jour depuis huit ans cette \u00e9mission \u00e0 laquelle je suis profond\u00e9ment attach\u00e9e. Avec deux heures de direct quotidiennement, C \u00e0 vous demande une pr\u00e9paration et une exigence importantes\u00a0\u00bb, rappelle la journaliste avant d&rsquo;expliquer son choix de c\u00e9der sa place en fin de semaine : \u00ab\u00a0Cette formule me permettra de prendre plus de temps notamment pour des projets compatibles avec l&rsquo;\u00e9mission, m\u00eame si ma priorit\u00e9 ira toujours \u00e0 C \u00e0 vous !\u00a0\u00bb<\/p>\n<p>                        C \u00e0 vous : l&rsquo;\u00e9mission sera diffus\u00e9e le samedi \u00e0 partir de la rentr\u00e9e prochaine<\/p>\n<p>Autre changement important pour C \u00e0 vous,<b> l&rsquo;\u00e9mission sera d\u00e9sormais diffus\u00e9e le samedi \u00e0 la place de <\/b><b>C l&rsquo;hebdo<\/b>. Mohamed Bouhafsi est \u00e9galement cit\u00e9 par Le Parisien comme meneur de jeu pour cette nouveaut\u00e9. Diffus\u00e9 depuis 2016, le programme C l&rsquo;hebdo a \u00e9t\u00e9 pr\u00e9sent\u00e9 successivement par Anne-\u00c9lisabeth Lemoine, <a href=\"https:\/\/www.programme-tv.net\/biographie\/41773-baddou-ali\/\" data-link-people=\"1b405ee8-8811-4035-b0b4-1b36e2a1300c\" target=\"_blank\" rel=\"noopener\">Ali Baddou<\/a> puis <a href=\"https:\/\/www.programme-tv.net\/biographie\/290705-casse-aurelie\/\" data-link-people=\"fa9ee17f-62be-47fc-81ae-93c470d7a709\" target=\"_blank\" rel=\"noopener\">Aur\u00e9lie Casse<\/a>.<\/p>\n","protected":false},"excerpt":{"rendered":"Ce vendredi 4 juillet, Anne-\u00c9lisabeth Lemoine cl\u00f4turera la 16e saison de C \u00e0 vous sur France 5. L&rsquo;animatrice&hellip;\n","protected":false},"author":2,"featured_media":224679,"comment_status":"","ping_status":"","sticky":false,"template":"","format":"standard","meta":{"footnotes":""},"categories":[1359],"tags":[5631,4470,244,58,59,1011,27,4467,24618,973],"class_list":{"0":"post-224678","1":"post","2":"type-post","3":"status-publish","4":"format-standard","5":"has-post-thumbnail","7":"category-people","8":"tag-anne-elisabeth-lemoine","9":"tag-c-u00e0-vous","10":"tag-commentaire","11":"tag-divertissement","12":"tag-entertainment","13":"tag-fr","14":"tag-france","15":"tag-france-5","16":"tag-mohamed-bouhafsi","17":"tag-people"},"share_on_mastodon":{"url":"https:\/\/pubeurope.com\/@fr\/114792848627858829","error":""},"_links":{"self":[{"href":"https:\/\/www.europesays.com\/fr\/wp-json\/wp\/v2\/posts\/224678","targetHints":{"allow":["GET"]}}],"collection":[{"href":"https:\/\/www.europesays.com\/fr\/wp-json\/wp\/v2\/posts"}],"about":[{"href":"https:\/\/www.europesays.com\/fr\/wp-json\/wp\/v2\/types\/post"}],"author":[{"embeddable":true,"href":"https:\/\/www.europesays.com\/fr\/wp-json\/wp\/v2\/users\/2"}],"replies":[{"embeddable":true,"href":"https:\/\/www.europesays.com\/fr\/wp-json\/wp\/v2\/comments?post=224678"}],"version-history":[{"count":0,"href":"https:\/\/www.europesays.com\/fr\/wp-json\/wp\/v2\/posts\/224678\/revisions"}],"wp:featuredmedia":[{"embeddable":true,"href":"https:\/\/www.europesays.com\/fr\/wp-json\/wp\/v2\/media\/224679"}],"wp:attachment":[{"href":"https:\/\/www.europesays.com\/fr\/wp-json\/wp\/v2\/media?parent=224678"}],"wp:term":[{"taxonomy":"category","embeddable":true,"href":"https:\/\/www.europesays.com\/fr\/wp-json\/wp\/v2\/categories?post=224678"},{"taxonomy":"post_tag","embeddable":true,"href":"https:\/\/www.europesays.com\/fr\/wp-json\/wp\/v2\/tags?post=224678"}],"curies":[{"name":"wp","href":"https:\/\/api.w.org\/{rel}","templated":true}]}}