{"id":22468,"date":"2025-04-13T15:14:24","date_gmt":"2025-04-13T15:14:24","guid":{"rendered":"https:\/\/www.europesays.com\/fr\/22468\/"},"modified":"2025-04-13T15:14:24","modified_gmt":"2025-04-13T15:14:24","slug":"defi-dune-kayakiste-olympique-sur-le-canal-de-nantes-a-brest","status":"publish","type":"post","link":"https:\/\/www.europesays.com\/fr\/22468\/","title":{"rendered":"D\u00e9fi d&rsquo;une kayakiste olympique sur le canal de Nantes \u00e0 Brest"},"content":{"rendered":"<p>            Par<br \/>\n        <strong><br \/>\n            <a href=\"https:\/\/actu.fr\/auteur\/nolwenn-huchet\" title=\"Consulter tous les articles de Nolwenn Huchet\" target=\"_blank\" rel=\"noopener\">Nolwenn Huchet<\/a><br \/>\n        <\/strong><\/p>\n<p>        Publi\u00e9 le<\/p>\n<p>            13 avr. 2025 \u00e0 7h00        <\/p>\n<p>Le 4 avril dernier, parmi l\u2019assembl\u00e9e d\u2019\u00e9lus venus pour la c\u00e9r\u00e9monie d\u2019ouverture de la navigation sur les canaux bretons et de Loire-Atlantique, une figure sportive affiche un enthousiasme particulier. <b>L\u00e9a Jamelot<\/b>, 32 ans, est une <b>kayakiste<\/b> confirm\u00e9e. Son palmar\u00e8s atteste des performances de<b> l\u2019athl\u00e8te olympique<\/b> : <b>12e aux Jeux olympiques de Rio en 2016 et 9e aux olympiades de Tokyo en 2021<\/b>. Elle a \u00e9galement \u00e9t\u00e9 <b>trois fois m\u00e9daill\u00e9e en coupe du monde<\/b>.<\/p>\n<p class=\" wall-content\">Mais ce n\u2019est pas son cursus de comp\u00e9titrice qui l\u2019a fait venir, ce jour, sur le site de la Digue en Saint-Nicolas-de-Redon. Plut\u00f4t un rep\u00e9rage des lieux en pr\u00e9vision d\u2019un d\u00e9fi sportif personnel intitul\u00e9<b> L\u00e9a de Nantes \u00e0 Brest<\/b>.<\/p>\n<p>Dans le Pays de Redon le 3\u00a0juin<\/p>\n<p class=\" wall-content\">\u00ab En effet, j\u2019ai le projet de parcourir le canal de Nantes \u00e0 Brest, en kayak, la premi\u00e8re quinzaine de juin, \u00e0 raison de 30 \u00e0 40 kilom\u00e8tres par jour. Au d\u00e9part de Nantes, le 1er du mois, pour une arriv\u00e9e \u00e0 Brest le 15\u00a0juin. Et je serai donc dans le <b>Pays de Redon le 3\u00a0juin<\/b> : au d\u00e9part, le matin, de Guenrou\u00ebt, pour une arriv\u00e9e, le soir, \u00e0 l\u2019\u00e9cluse de La Maclais, en Saint-Vincent-sur-Oust. \u00bb<\/p>\n<blockquote class=\"ac-article-quote wall-content\">\n<p>Le canal, cela reste mon cocon<\/p>\n<\/blockquote>\n<p class=\" wall-content\">Une nouvelle exp\u00e9rience pour la Finist\u00e9rienne qui voue une passion pour cette voie navigable. \u00ab Je l\u2019ai d\u00e9couvert dans mon enfance, avant de naviguer sur les eaux du monde entier. Mais le canal, cela reste mon cocon, o\u00f9 je me sens tr\u00e8s pr\u00e9serv\u00e9e. C\u2019est donc une <b>aventure de fin de carri\u00e8re sportive<\/b>, l\u00e0 o\u00f9 tout \u00e0 commencer ! \u00bb<\/p>\n<p class=\" wall-content\">Soutenue par le D\u00e9partement (de Loire-Atlantique) et la R\u00e9gion Bretagne, L\u00e9a Jamelot pr\u00e9sente plusieurs objectifs dans ce d\u00e9fi : \u00ab Je compte mettre en pratique l\u2019histoire de ce canal \u00e0 travers cette aventure. Il y a beaucoup de choses \u00e0 raconter sur cette voie d\u2019eau. Sur ses paysages, sa biodiversit\u00e9, les gens qui y vivent ou travaillent, en allant \u00e0 leur rencontre, dans les maisons \u00e9clusi\u00e8res, les guinguettes. C\u2019est une<b> aventure sportive et humaine, f\u00e9d\u00e9ratrice et pleine de partage<\/b>, que l\u2019on va pouvoir montrer tout au long de ces quinze jours. \u00bb<\/p>\n<p>Vid\u00e9os : en ce moment sur ActuUne webs\u00e9rie<\/p>\n<p class=\" wall-content\">Car au-del\u00e0 de l\u2019aspect sportif du projet, se joue un<b> autre d\u00e9fi, audiovisuel<\/b>, celui-l\u00e0 ! \u00ab Je serai accompagn\u00e9e d\u2019une \u00e9quipe qui va filmer tout au long du parcours. Des<b> images retranscrites, chaque soir, dans une webs\u00e9rie<\/b>. Ce sera le d\u00e9fi de mon oncle, Henri, producteur et chef op\u00e9rateur, de Gilles, r\u00e9alisateur, et bien s\u00fbr d\u2019Erwan, qui montera les vid\u00e9os. \u00bb<\/p>\n<p class=\" wall-content\">Accompagn\u00e9e par Samuel, en bateau, et ses parents au volant des v\u00e9hicules d\u2019assistance, L\u00e9a pourra \u00e9galement compter sur les clubs de kayaks qui ont d\u00e9j\u00e0 pris rendez-vous pour faire un petit bout de chemin avec elle. \u00ab Je serai d\u2019ailleurs <b>\u00e9quip\u00e9e d\u2019une puce<\/b> qui permettra de me suivre en temps r\u00e9el. Et tout le monde pourra venir \u00e0 notre rencontre durant ces quinze jours o\u00f9 chaque \u00e9tape fera l\u2019objet d\u2019une animation avec les acteurs locaux. \u00bb Ou suivre cette aventure sur sa <b>cha\u00eene Youtube <\/b>qui a d\u00e9j\u00e0 diffus\u00e9, \u00e0 raison d\u2019<b>un \u00e9pisode par mois<\/b>, les pr\u00e9paratifs de ce <b>p\u00e9riple de 364\u00a0km et 237 \u00e9cluses<\/b> \u00e0 traverser.<\/p>\n<p>Une campagne Ulule est ouverte pour ceux qui souhaitent contribuer au projet de L\u00e9a Jamelot.<\/p>\n<p class=\" wall-content\">Suivez toute l\u2019actualit\u00e9 de vos villes et m\u00e9dias favoris en vous inscrivant \u00e0 <a href=\"https:\/\/moncompte.actu.fr\" title=\"D\u00e9couvez Mon Actu\" rel=\"nofollow noopener\" data-trk=\"{&quot;cta&quot;:{&quot;action&quot;:&quot;https:\\\/\\\/moncompte.actu.fr&quot;,&quot;category&quot;:&quot;mon compte&quot;,&quot;from&quot;:&quot;article footer&quot;,&quot;name&quot;:&quot;Mon actu&quot;,&quot;type&quot;:&quot;cta&quot;}}\" target=\"_blank\">Mon Actu<\/a>.<\/p>\n<ul class=\"ac-article-tag wall-content\">\n<li><a href=\"https:\/\/actu.fr\/tag\/canal-de-nantes-a-brest\" data-trk=\"{&quot;cta&quot;:{&quot;action&quot;:&quot;Canal de Nantes \\u00e0 Brest&quot;,&quot;category&quot;:&quot;tag&quot;,&quot;from&quot;:&quot;article footer&quot;,&quot;name&quot;:&quot;Canal de Nantes \\u00e0 Brest&quot;,&quot;type&quot;:&quot;cta&quot;}}\" target=\"_blank\" rel=\"noopener\">#Canal de Nantes \u00e0 Brest<\/a><\/li>\n<\/ul>\n","protected":false},"excerpt":{"rendered":"Par Nolwenn Huchet Publi\u00e9 le 13 avr. 2025 \u00e0 7h00 Le 4 avril dernier, parmi l\u2019assembl\u00e9e d\u2019\u00e9lus venus&hellip;\n","protected":false},"author":2,"featured_media":22469,"comment_status":"","ping_status":"","sticky":false,"template":"","format":"standard","meta":{"footnotes":""},"categories":[2818],"tags":[1111,11,8321,1777,674,1011,27,1757,766,12,2636,25],"class_list":{"0":"post-22468","1":"post","2":"type-post","3":"status-publish","4":"format-standard","5":"has-post-thumbnail","7":"category-nantes","8":"tag-actu","9":"tag-actualites","10":"tag-canal-de-nantes-a-brest","11":"tag-eu","12":"tag-europe","13":"tag-fr","14":"tag-france","15":"tag-insolite","16":"tag-nantes","17":"tag-news","18":"tag-pays-de-la-loire","19":"tag-republique-francaise"},"share_on_mastodon":{"url":"https:\/\/pubeurope.com\/@fr\/114331311409789248","error":""},"_links":{"self":[{"href":"https:\/\/www.europesays.com\/fr\/wp-json\/wp\/v2\/posts\/22468","targetHints":{"allow":["GET"]}}],"collection":[{"href":"https:\/\/www.europesays.com\/fr\/wp-json\/wp\/v2\/posts"}],"about":[{"href":"https:\/\/www.europesays.com\/fr\/wp-json\/wp\/v2\/types\/post"}],"author":[{"embeddable":true,"href":"https:\/\/www.europesays.com\/fr\/wp-json\/wp\/v2\/users\/2"}],"replies":[{"embeddable":true,"href":"https:\/\/www.europesays.com\/fr\/wp-json\/wp\/v2\/comments?post=22468"}],"version-history":[{"count":0,"href":"https:\/\/www.europesays.com\/fr\/wp-json\/wp\/v2\/posts\/22468\/revisions"}],"wp:featuredmedia":[{"embeddable":true,"href":"https:\/\/www.europesays.com\/fr\/wp-json\/wp\/v2\/media\/22469"}],"wp:attachment":[{"href":"https:\/\/www.europesays.com\/fr\/wp-json\/wp\/v2\/media?parent=22468"}],"wp:term":[{"taxonomy":"category","embeddable":true,"href":"https:\/\/www.europesays.com\/fr\/wp-json\/wp\/v2\/categories?post=22468"},{"taxonomy":"post_tag","embeddable":true,"href":"https:\/\/www.europesays.com\/fr\/wp-json\/wp\/v2\/tags?post=22468"}],"curies":[{"name":"wp","href":"https:\/\/api.w.org\/{rel}","templated":true}]}}