{"id":224684,"date":"2025-07-04T03:33:15","date_gmt":"2025-07-04T03:33:15","guid":{"rendered":"https:\/\/www.europesays.com\/fr\/224684\/"},"modified":"2025-07-04T03:33:15","modified_gmt":"2025-07-04T03:33:15","slug":"alain-souchon-sa-femme-depuis-54-ans-sort-de-lombre-francoise-prend-la-pose-pour-la-premiere-fois","status":"publish","type":"post","link":"https:\/\/www.europesays.com\/fr\/224684\/","title":{"rendered":"Alain Souchon : sa femme depuis 54 ans sort de l\u2019ombre, Fran\u00e7oise prend la pose pour la premi\u00e8re fois"},"content":{"rendered":"<p>Depuis plus d\u2019un demi-si\u00e8cle, <a href=\"https:\/\/www.closermag.fr\/people\/alain-souchon-un-gant-de-toilette-ce-mal-insidieux-qui-le-plonge-dans-la-souffrance-3427233\" target=\"_blank\" rel=\"noopener\"><br \/>\nAlain Souchon<\/a> et Fran\u00e7oise forment <strong>l\u2019un des couples les<br \/>\nplus solides<\/strong> et discrets de la chanson fran\u00e7aise. Mari\u00e9s<br \/>\nen 1971 apr\u00e8s deux ans de relation, ils se sont rencontr\u00e9s en 1969<br \/>\nalors que le chanteur n\u2019\u00e9tait pas encore c\u00e9l\u00e8bre. <a href=\"https:\/\/www.closermag.fr\/people\/alain-souchon-qui-est-son-epouse-francoise-celle-qui-partage-sa-vie-depuis-48-an-975396#item=1\" target=\"_blank\" rel=\"noopener\"><br \/>\nFran\u00e7oise, surnomm\u00e9e affectueusement \u00ab\u00a0Belotte\u00a0\u00bb<\/a> par son mari,<br \/>\n\u00e9tait alors \u00e9tudiante en sciences naturelles.<\/p>\n<p>L\u2019artiste, qui n\u2019avait pas le bac, a souvent confi\u00e9 combien<br \/>\nl\u2019intelligence et le soutien ind\u00e9fectible de sa compagne l\u2019ont aid\u00e9<br \/>\n\u00e0 prendre confiance en lui et \u00e0 pers\u00e9v\u00e9rer dans la musique.<br \/>\n\u00ab\u00a0<strong>Ma femme m\u2019a beaucoup aid\u00e9<\/strong> parce que c\u2019est<br \/>\nune intellectuelle, une fille qui a fait des \u00e9tudes sup\u00e9rieures de<br \/>\nbiologie, alors que je n\u2019avais pas le bac. Or voir que je lui<br \/>\nplaisais, alors que j\u2019\u00e9tais comme un va-nu-pieds, \u00e7a m\u2019a donn\u00e9 du<br \/>\ncourage\u00a0\u00bb, avait-il racont\u00e9.<\/p>\n<p>Fran\u00e7oise, pilier de la famille<\/p>\n<p>Leur union a travers\u00e9 les d\u00e9cennies, donnant naissance \u00e0 deux<br \/>\nfils, Pierre et Charles, eux aussi devenus artistes. Malgr\u00e9 la<br \/>\nnotori\u00e9t\u00e9 d\u2019Alain Souchon, Fran\u00e7oise a toujours pr\u00e9f\u00e9r\u00e9 rester dans<br \/>\nl\u2019ombre, <strong>fuyant les projecteurs<\/strong> et les mondanit\u00e9s.<br \/>\nCette discr\u00e9tion a longtemps entretenu le myst\u00e8re autour de celle<br \/>\nqui partage la vie du <a href=\"https:\/\/www.closermag.fr\/people\/alain-souchon-coup-de-mou-pour-le-chanteur-de-80-ans-la-prescription-de-ses-medecins-larrange-3457767\" target=\"_blank\" rel=\"noopener\"><br \/>\nchanteur de 81 ans<\/a>. depuis plus de 54 ans.<\/p>\n<p>Pour la premi\u00e8re fois, Fran\u00e7oise Souchon a accept\u00e9 de <strong>se<br \/>\nmontrer publiquement<\/strong> et de prendre la pose. Cette<br \/>\napparition rare de celle que l\u2019on surnomme la \u00ab\u00a0cheffe de la<br \/>\nfamille\u00a0\u00bb, est important pour celle qui incarne le bonheur du clan<br \/>\nSouchon. Son fils a\u00een\u00e9, Pierre, a confi\u00e9 dans les colonnes de Paris<br \/>\nMatch : \u00ab\u00a0Elle a compris qu\u2019elle pouvait baisser la garde, le<br \/>\nsujet pour elle est moins sensible\u00a0\u00bb.<\/p>\n<blockquote class=\"twitter-tweet\"><p><a class=\"twitter-link\" rel=\"noindex, nofollow noopener\" href=\"https:\/\/twitter.com\/ParisMatch\/status\/1940644188833399096\" target=\"_blank\"><\/p><\/blockquote>\n<p>Alain Souchon : \u00ab\u00a0C\u2019est difficile par<br \/>\nmoments\u00a0\u00bb<\/p>\n<p>Malgr\u00e9 les \u00e9preuves, dont une aventure extra-conjugale tr\u00e8s<br \/>\nm\u00e9diatis\u00e9e du chanteur dans les ann\u00e9es 1980, leur couple a r\u00e9sist\u00e9<br \/>\naux temp\u00eates. Alain Souchon n\u2019a jamais cach\u00e9 que leur amour a connu<br \/>\ndes hauts et des bas, mais il souligne que la famille, les enfants<br \/>\net d\u00e9sormais les petits-enfants, ont toujours \u00e9t\u00e9 un ciment<br \/>\nessentiel. \u00ab\u00a0C\u2019est difficile par moments<strong>, on s\u2019agace un<br \/>\npeu,<\/strong> mais il y a des choses plus importantes pour nous.<br \/>\nD\u2019abord, on a des enfants qui nous soudent beaucoup, et des<br \/>\npetits-fils. C\u2019est formidable\u00a0\u00bb, avait r\u00e9v\u00e9l\u00e9 le chanteur.<\/p>\n<p>Aujourd\u2019hui, alors que Fran\u00e7oise accepte enfin de sortir de<br \/>\nl\u2019ombre, elle incarne plus que jamais <strong>la force<br \/>\ntranquille<\/strong> et la stabilit\u00e9 d\u2019un couple devenu mythique<br \/>\ndans le paysage musical fran\u00e7ais. Sa premi\u00e8re apparition publique<br \/>\nest salu\u00e9e comme un hommage \u00e0 cette femme de l\u2019ombre. Un pilier<br \/>\ndiscret mais essentiel de la vie d\u2019Alain Souchon&#8230;<\/p>\n<p><script async src=\"https:\/\/platform.twitter.com\/widgets.js\" charset=\"utf-8\"><\/script><\/p>\n","protected":false},"excerpt":{"rendered":"Depuis plus d\u2019un demi-si\u00e8cle, Alain Souchon et Fran\u00e7oise forment l\u2019un des couples les plus solides et discrets de&hellip;\n","protected":false},"author":2,"featured_media":224685,"comment_status":"","ping_status":"","sticky":false,"template":"","format":"standard","meta":{"footnotes":""},"categories":[1355],"tags":[36362,548,58,59,1011,27,1361,873],"class_list":{"0":"post-224684","1":"post","2":"type-post","3":"status-publish","4":"format-standard","5":"has-post-thumbnail","7":"category-musique","8":"tag-alain-souchon","9":"tag-article-simple","10":"tag-divertissement","11":"tag-entertainment","12":"tag-fr","13":"tag-france","14":"tag-music","15":"tag-musique"},"share_on_mastodon":{"url":"https:\/\/pubeurope.com\/@fr\/114792864511015263","error":""},"_links":{"self":[{"href":"https:\/\/www.europesays.com\/fr\/wp-json\/wp\/v2\/posts\/224684","targetHints":{"allow":["GET"]}}],"collection":[{"href":"https:\/\/www.europesays.com\/fr\/wp-json\/wp\/v2\/posts"}],"about":[{"href":"https:\/\/www.europesays.com\/fr\/wp-json\/wp\/v2\/types\/post"}],"author":[{"embeddable":true,"href":"https:\/\/www.europesays.com\/fr\/wp-json\/wp\/v2\/users\/2"}],"replies":[{"embeddable":true,"href":"https:\/\/www.europesays.com\/fr\/wp-json\/wp\/v2\/comments?post=224684"}],"version-history":[{"count":0,"href":"https:\/\/www.europesays.com\/fr\/wp-json\/wp\/v2\/posts\/224684\/revisions"}],"wp:featuredmedia":[{"embeddable":true,"href":"https:\/\/www.europesays.com\/fr\/wp-json\/wp\/v2\/media\/224685"}],"wp:attachment":[{"href":"https:\/\/www.europesays.com\/fr\/wp-json\/wp\/v2\/media?parent=224684"}],"wp:term":[{"taxonomy":"category","embeddable":true,"href":"https:\/\/www.europesays.com\/fr\/wp-json\/wp\/v2\/categories?post=224684"},{"taxonomy":"post_tag","embeddable":true,"href":"https:\/\/www.europesays.com\/fr\/wp-json\/wp\/v2\/tags?post=224684"}],"curies":[{"name":"wp","href":"https:\/\/api.w.org\/{rel}","templated":true}]}}