{"id":224690,"date":"2025-07-04T03:36:11","date_gmt":"2025-07-04T03:36:11","guid":{"rendered":"https:\/\/www.europesays.com\/fr\/224690\/"},"modified":"2025-07-04T03:36:11","modified_gmt":"2025-07-04T03:36:11","slug":"wimbledon-arthur-rinderknech-apres-sa-qualification-au-3e-tour-se-retrouver-le-lendemain-dun-match-contre-zverev-sur-le-central-sur-un-petit-court-ce-netait-pas-facile","status":"publish","type":"post","link":"https:\/\/www.europesays.com\/fr\/224690\/","title":{"rendered":"Wimbledon > Arthur Rinderknech, apr\u00e8s sa qualification au 3e tour : \u00ab\u00a0Se retrouver le lendemain d&rsquo;un match contre Zverev sur le Central, sur un petit court, ce n&rsquo;\u00e9tait pas facile\u00a0\u00bb"},"content":{"rendered":"<p>Vraie belle surprise c\u00f4t\u00e9 Fran\u00e7ais de cette \u00e9dition 2025 de Wimbledon, Arthur Rinderknech n\u2019a pas ch\u00f4m\u00e9 depuis le d\u00e9but du tournoi. Tombeur d\u2019Alexander Zverev en deux jours au premier tour, le Fran\u00e7ais a r\u00e9ci\u00addiv\u00e9 en battant le Chilien Garin ce jeudi apr\u00e8s avoir d\u00e9but\u00e9 son match le mercredi.\u00a0<\/p>\n<p>Alors qu\u2019il encha\u00ee\u00adnera vendredi face au Polonais Kamil Majchrzak pour une place en huiti\u00e8mes de finale, le nouveau prot\u00e9g\u00e9 de Lucas Pouille a livr\u00e9 ses impres\u00adsions chez nos confr\u00e8res de <a href=\"https:\/\/www.lequipe.fr\/Tennis\/Actualites\/Arthur-rinderknech-il-a-fallu-que-j-aille-chercher-le-meilleur-de-moi\/1575135\" data-wpel-link=\"external\" target=\"_blank\" rel=\"nofollow external noopener\">L\u2019\u00c9quipe<\/a>. <\/p>\n<p><strong>\u00ab\u202fCe n\u2019\u00e9tait pas facile. Se retrouver le lende\u00admain d\u2019un match contre Zverev sur le Central, avec tout ce qu\u2019il y avait, les condi\u00adtions, les \u00e9motions, sur un petit court, ce n\u2019\u00e9tait pas facile. On a commenc\u00e9, mercredi soir, c\u2019\u00e9tait ombre et lumi\u00e8re. Il y avait un coucher de soleil, j\u2019avais le reflet de toutes les vitres du Central et du Court n\u00b01. De chaque c\u00f4t\u00e9, j\u2019avais environ huit couchers de soleil dans les yeux, c\u2019\u00e9tait une folie et je ne voyais vrai\u00adment pas mon adver\u00adsaire quand il servait. Je voyais la balle appa\u00adra\u00eetre. Le d\u00e9but de match \u00e9tait vrai\u00adment tr\u00e8s compliqu\u00e9. Jeudi, il a fallu repartir au charbon, ce n\u2019\u00e9tait pas \u00e9vident, il m\u2019a mis la pres\u00adsion d\u2019en\u00adtr\u00e9e et il a fallu que j\u2019aille cher\u00adcher le meilleur de moi au cinqui\u00e8me set.\u202f\u00bb<\/strong><\/p>\n<p class=\"post-published-date\" style=\"color: silver; font-size: 75%; text-align: left;\">Publi\u00e9 le jeudi 3 juillet 2025 \u00e0 20:10<\/p>\n","protected":false},"excerpt":{"rendered":"Vraie belle surprise c\u00f4t\u00e9 Fran\u00e7ais de cette \u00e9dition 2025 de Wimbledon, Arthur Rinderknech n\u2019a pas ch\u00f4m\u00e9 depuis le&hellip;\n","protected":false},"author":2,"featured_media":224691,"comment_status":"","ping_status":"","sticky":false,"template":"","format":"standard","meta":{"footnotes":""},"categories":[9],"tags":[1011,27,27435,60,4542],"class_list":{"0":"post-224690","1":"post","2":"type-post","3":"status-publish","4":"format-standard","5":"has-post-thumbnail","7":"category-sports","8":"tag-fr","9":"tag-france","10":"tag-pouille","11":"tag-sports","12":"tag-zverev"},"share_on_mastodon":{"url":"https:\/\/pubeurope.com\/@fr\/114792876199929299","error":""},"_links":{"self":[{"href":"https:\/\/www.europesays.com\/fr\/wp-json\/wp\/v2\/posts\/224690","targetHints":{"allow":["GET"]}}],"collection":[{"href":"https:\/\/www.europesays.com\/fr\/wp-json\/wp\/v2\/posts"}],"about":[{"href":"https:\/\/www.europesays.com\/fr\/wp-json\/wp\/v2\/types\/post"}],"author":[{"embeddable":true,"href":"https:\/\/www.europesays.com\/fr\/wp-json\/wp\/v2\/users\/2"}],"replies":[{"embeddable":true,"href":"https:\/\/www.europesays.com\/fr\/wp-json\/wp\/v2\/comments?post=224690"}],"version-history":[{"count":0,"href":"https:\/\/www.europesays.com\/fr\/wp-json\/wp\/v2\/posts\/224690\/revisions"}],"wp:featuredmedia":[{"embeddable":true,"href":"https:\/\/www.europesays.com\/fr\/wp-json\/wp\/v2\/media\/224691"}],"wp:attachment":[{"href":"https:\/\/www.europesays.com\/fr\/wp-json\/wp\/v2\/media?parent=224690"}],"wp:term":[{"taxonomy":"category","embeddable":true,"href":"https:\/\/www.europesays.com\/fr\/wp-json\/wp\/v2\/categories?post=224690"},{"taxonomy":"post_tag","embeddable":true,"href":"https:\/\/www.europesays.com\/fr\/wp-json\/wp\/v2\/tags?post=224690"}],"curies":[{"name":"wp","href":"https:\/\/api.w.org\/{rel}","templated":true}]}}