{"id":224692,"date":"2025-07-04T03:37:12","date_gmt":"2025-07-04T03:37:12","guid":{"rendered":"https:\/\/www.europesays.com\/fr\/224692\/"},"modified":"2025-07-04T03:37:12","modified_gmt":"2025-07-04T03:37:12","slug":"pagaille-monstre-pour-aller-au-stade-une-navette-tcl-coupee","status":"publish","type":"post","link":"https:\/\/www.europesays.com\/fr\/224692\/","title":{"rendered":"pagaille monstre pour aller au stade, une navette TCL coup\u00e9e"},"content":{"rendered":"<p>            Par<br \/>\n        <strong><br \/>\n            <a href=\"https:\/\/actu.fr\/auteur\/anthony-soudani\" title=\"Consulter tous les articles de Anthony Soudani\" rel=\"nofollow noopener\" target=\"_blank\">Anthony Soudani<\/a><br \/>\n        <\/strong><\/p>\n<p>        Publi\u00e9 le<\/p>\n<p>            3 juil. 2025 \u00e0 17h23<br \/>\n        ; mis \u00e0 jour le 3 juil. 2025 \u00e0 17h34    <\/p>\n<p>Une \u00e9norme pagaille \u00e0 Lyon. Les spectateurs du concert d\u2019<a href=\"https:\/\/actu.fr\/auvergne-rhone-alpes\/lyon_69123\/imagine-dragons-au-groupama-stadium-un-concert-en-pleine-canicule-a-lyon-des-changements_62861181.html\" rel=\"nofollow noopener\" target=\"_blank\">Imagine Dragons pr\u00e9vu au Groupama Stadium<\/a> ce jeudi 3 juillet se retrouvent dans une situation d\u00e9licate. Une<strong> panne<\/strong> de rame du Rh\u00f4nexpress emp\u00eache tout d\u00e9part de la navette depuis la Part-Dieu.<\/p>\n<p class=\" wall-content\">Une longue file d\u2019attente s\u2019est form\u00e9e, mais les fans du groupe de pop rock doivent d\u00e9sormais trouver une autre solution. La navette ne partira pas de Part-Dieu avant<strong> 19h<\/strong>, or, il s\u2019agit du d\u00e9but du concert (le show d\u00e9bute vraiment \u00e0 19h30).\u00a0<\/p>\n<p>\u00ab\u00a0C\u2019est un bazar sans nom\u00a0\u00bb<\/p>\n<p class=\" wall-content\">\u00ab\u00a0C\u2019est un bazar sans nom\u00a0\u00bb, t\u00e9moigne notre journaliste sur place.<\/p>\n<p class=\" wall-content\">Les retards risquent d\u2019\u00eatre nombreux. Les spectateurs sont nombreux \u00e0 recourir aux chauffeurs priv\u00e9s de type Uber. Ces derniers sont \u00e9galement orient\u00e9s vers le T4, pour ensuite s\u2019arr\u00eater \u00e0 Charpennes et prendre le <strong>m\u00e9tro A<\/strong> direction Vaulx-en-Velin La Soie.\u00a0<\/p>\n<p class=\" wall-content\">Les navettes partent en effet depuis Vaulx-en-Velin La Soie, le r\u00e9seau \u00e9tant seulement bloqu\u00e9 entre Part-Dieu et Vaulx-en-Velin.<\/p>\n<p>Vid\u00e9os : en ce moment sur Actu<br \/>\n    <img   decoding=\"async\" loading=\"lazy\" src=\"https:\/\/www.europesays.com\/fr\/wp-content\/uploads\/2025\/07\/tcl-panne-960x640.jpg\" alt=\"Les spectateurs vont avoir du mal \u00e0 arriver \u00e0 l'heure au concert d'Imagine Dragons au Groupama Stadium.\" width=\"960\" height=\"640\"\/><br \/>\n    Les spectateurs vont avoir du mal \u00e0 arriver \u00e0 l\u2019heure au concert d\u2019Imagine Dragons au Groupama Stadium. (\u00a9Julien Damboise \/ actu Lyon)\u00ab\u00a0Tous les moyens de transport du secteur sont surcharg\u00e9s\u00a0\u00bb<\/p>\n<p class=\" wall-content\">Une rame du Rh\u00f4nexpress est victime d\u2019une panne d\u2019\u00e9nergie, selon nos informations. Le T3 est aussi impact\u00e9.<\/p>\n<p class=\" wall-content\">\u00ab\u00a0Tous les moyens de transport du secteur sont surcharg\u00e9s. Des gens continuent d\u2019arriver \u00e0 la navette sans savoir pour la coupure\u00a0\u00bb, explique notre journaliste sur place.\u00a0<\/p>\n<p class=\" wall-content\"><strong>Avec Julien Damboise<\/strong><\/p>\n<p class=\" wall-content\">Suivez toute l\u2019actualit\u00e9 de vos villes et m\u00e9dias favoris en vous inscrivant \u00e0 <a href=\"https:\/\/moncompte.actu.fr\" title=\"D\u00e9couvez Mon Actu\" rel=\"nofollow noopener\" data-trk=\"{&quot;cta&quot;:{&quot;action&quot;:&quot;https:\\\/\\\/moncompte.actu.fr&quot;,&quot;category&quot;:&quot;mon compte&quot;,&quot;from&quot;:&quot;article footer&quot;,&quot;name&quot;:&quot;Mon actu&quot;,&quot;type&quot;:&quot;cta&quot;}}\" target=\"_blank\">Mon Actu<\/a>.<\/p>\n","protected":false},"excerpt":{"rendered":"Par Anthony Soudani Publi\u00e9 le 3 juil. 2025 \u00e0 17h23 ; mis \u00e0 jour le 3 juil. 2025&hellip;\n","protected":false},"author":2,"featured_media":224693,"comment_status":"","ping_status":"","sticky":false,"template":"","format":"standard","meta":{"footnotes":""},"categories":[8],"tags":[58,59,1011,27,15363,6178,104,5787],"class_list":{"0":"post-224692","1":"post","2":"type-post","3":"status-publish","4":"format-standard","5":"has-post-thumbnail","7":"category-divertissement","8":"tag-divertissement","9":"tag-entertainment","10":"tag-fr","11":"tag-france","12":"tag-groupama-stadium","13":"tag-lyon-part-dieu","14":"tag-societe","15":"tag-transports-en-commun-lyonnais-tcl"},"share_on_mastodon":{"url":"https:\/\/pubeurope.com\/@fr\/114792880385495757","error":""},"_links":{"self":[{"href":"https:\/\/www.europesays.com\/fr\/wp-json\/wp\/v2\/posts\/224692","targetHints":{"allow":["GET"]}}],"collection":[{"href":"https:\/\/www.europesays.com\/fr\/wp-json\/wp\/v2\/posts"}],"about":[{"href":"https:\/\/www.europesays.com\/fr\/wp-json\/wp\/v2\/types\/post"}],"author":[{"embeddable":true,"href":"https:\/\/www.europesays.com\/fr\/wp-json\/wp\/v2\/users\/2"}],"replies":[{"embeddable":true,"href":"https:\/\/www.europesays.com\/fr\/wp-json\/wp\/v2\/comments?post=224692"}],"version-history":[{"count":0,"href":"https:\/\/www.europesays.com\/fr\/wp-json\/wp\/v2\/posts\/224692\/revisions"}],"wp:featuredmedia":[{"embeddable":true,"href":"https:\/\/www.europesays.com\/fr\/wp-json\/wp\/v2\/media\/224693"}],"wp:attachment":[{"href":"https:\/\/www.europesays.com\/fr\/wp-json\/wp\/v2\/media?parent=224692"}],"wp:term":[{"taxonomy":"category","embeddable":true,"href":"https:\/\/www.europesays.com\/fr\/wp-json\/wp\/v2\/categories?post=224692"},{"taxonomy":"post_tag","embeddable":true,"href":"https:\/\/www.europesays.com\/fr\/wp-json\/wp\/v2\/tags?post=224692"}],"curies":[{"name":"wp","href":"https:\/\/api.w.org\/{rel}","templated":true}]}}