{"id":224696,"date":"2025-07-04T03:39:11","date_gmt":"2025-07-04T03:39:11","guid":{"rendered":"https:\/\/www.europesays.com\/fr\/224696\/"},"modified":"2025-07-04T03:39:11","modified_gmt":"2025-07-04T03:39:11","slug":"ce-piercing-inhabituel-arbore-par-lauren-sanchez-le-jour-de-son-mariage","status":"publish","type":"post","link":"https:\/\/www.europesays.com\/fr\/224696\/","title":{"rendered":"Ce piercing inhabituel arbor\u00e9 par Lauren Sanchez le jour de son mariage"},"content":{"rendered":"<p>    Jeff Bezos, Lauren Sanchez quitte l\u2019h\u00f4tel Aman. (Venise, le 28 juin 2025.)<br \/>\n                Piovanotto Marco\/ABACA<\/p>\n<p>\u00c0 l\u2019occasion de son mariage \u00e0 Venise du 26 au 29 juin dernier, la mari\u00e9e a d\u00e9voil\u00e9 une nouvelle manucure, orn\u00e9e d\u2019un piercing con\u00e7u sp\u00e9cialement pour l\u2019occasion.<\/p>\n<p class=\"fig-paragraph\">Une bague de fian\u00e7ailles a 2,3 millions de dollars, vite remplac\u00e9e par un diamant de 35 carats d\u2019une valeur de 10 millions de dollars,\u00a0<a href=\"http:\/\/madame.lefigaro.fr\/mariage\/comment-jeff-bezos-et-lauren-sanchez-ont-epuise-leurs-invites-lors-de-leur-mariage-extravagant-a-venise-20250703\" data-fig-type=\"Article\" data-gtm-custom-categorie=\"navigation\" data-gtm-custom-action=\"crossclick\" data-gtm-custom-label=\"Contextuel\" data-gtm-event=\"customEventSPE\" data-fig-domain=\"MADAME\" rel=\"nofollow noopener\" target=\"_blank\">des invit\u00e9s VIP\u00a0<\/a>comme Kim Kardashian ou encore Leonardo DiCaprio&#8230; Rien n\u2019a \u00e9t\u00e9 laiss\u00e9 au hasard au mariage de Lauren S\u00e1nchez et Jeff Bezos. Et surtout pas ce d\u00e9tail minuscule, mais tr\u00e8s original, qui a capt\u00e9 l\u2019attention\u00a0: un piercing\u2026 \u00e0 l\u2019ongle.<\/p>\n<p class=\"fig-paragraph\">La manucure de l\u2019ex journaliste de 55 ans a \u00e9t\u00e9 sign\u00e9e Iram Shelton, styliste ongulaire britannique connue pour avoir travaill\u00e9 avec Zendaya et Selena Gomez, qui l\u2019a d\u00e9voil\u00e9e sur Instagram\u00a0: une \u00abfrench\u00bb orn\u00e9e d\u2019un bijou singulier, l\u2019initiale \u00abB\u00bb (pour\u00a0<a href=\"https:\/\/madame.lefigaro.fr\/tag\/jeff-bezos\" target=\"_blank\" rel=\"noopener nofollow\" data-gtm-custom-categorie=\"navigation\" data-gtm-custom-action=\"crossclick\" data-gtm-custom-label=\"Contextuel\" data-gtm-event=\"customEventSPE\">Bezos<\/a>) incrust\u00e9e de diamants perc\u00e9s dans l\u2019ongle de l\u2019annulaire gauche. Un clin d\u2019\u0153il au changement de nom de la mari\u00e9e. \u00abRien de tel que des diamants \u00e0 port\u00e9e de main\u00bb, a comment\u00e9 Iram Shelton en l\u00e9gende.<\/p>\n<p>                                    <a class=\"fig-a11y-skip a11y-hidden\" href=\"#fig-a11y-skip-main-inarticle\"><br \/>\n        Passer la publicit\u00e9<br \/>\n    <\/a><\/p>\n<p>Une mari\u00e9e ultra-glamour, jusque dans les moindres d\u00e9tails<\/p>\n<p class=\"fig-paragraph\">Ce piercing n\u2019\u00e9tait qu\u2019un des nombreux symboles de la transition identitaire de Lauren Bezos. Le jour J, elle portait une pochette noire sertie de strass formant l\u2019inscription \u00abMrs. Bezos\u00bb, accompagn\u00e9 d\u2019un bracelet en cuir avec les initiales LB, pour Lauren Bezos. \u00abPlus que la robe, je suis heureuse de me marier avec mon meilleur ami. Quelqu\u2019un qui me voit, qui m\u2019adore, et que j\u2019adore\u00bb, a confi\u00e9 Lauren S\u00e1nchez. \u00abJe suis la femme la plus chanceuse du monde.\u00bb<\/p>\n<p class=\"fig-paragraph\">La styliste Lisa Talbot a \u00e9galement d\u00e9voil\u00e9 au\u00a0<a href=\"https:\/\/www.dailymail.co.uk\/femail\/article-14868189\/lauren-sanchez-piercing-jeff-bezos-wedding.html\" target=\"_blank\" rel=\"nofollow noopener\" data-gtm-custom-categorie=\"navigation\" data-gtm-custom-action=\"crossclick\" data-gtm-custom-label=\"Contextuel\" data-gtm-event=\"customEventSPE\">Daily Mail<\/a>\u00a0que chaque accessoire, du piercing \u00e0 la pochette, avait \u00e9t\u00e9 longuement r\u00e9fl\u00e9chi par la mari\u00e9e.\u00a0: \u00abCe look repr\u00e9sentait Lauren \u00e0 son apog\u00e9e\u00a0: confiante, rayonnante et parfaitement dans son \u00e9l\u00e9ment sous les projecteurs.\u00bb<\/p>\n<p>    Jeff Bezos, Lauren Sanchez quitte l\u2019h\u00f4tel Aman. (Venise, le 28 juin 2025.)<br \/>\n                Piovanotto Marco\/ABACA<\/p>\n<p>Une lune de miel\u2026 en famille<\/p>\n<p class=\"fig-paragraph\">Apr\u00e8s ces quatre jours fastueux, les jeunes mari\u00e9s ont mis le cap sur la Croatie pour un moment de d\u00e9tente en famille. Leurs sept enfants, issus de pr\u00e9c\u00e9dentes unions, les ont accompagn\u00e9s pour profiter du soleil et de la mer. \u00abCe n\u2019est pas une lune de miel traditionnelle. Ils se reposent et passent du bon temps tous ensemble\u00bb, a r\u00e9v\u00e9l\u00e9 une source proche du couple dans les colonnes du\u00a0<a href=\"https:\/\/www.dailymail.co.uk\/tvshowbiz\/article-14864979\/Jeff-Bezos-wedding-secrets-cameras-didnt-capture-unconventional-honeymoon-plans.html\" target=\"_blank\" rel=\"nofollow noopener\" data-gtm-custom-categorie=\"navigation\" data-gtm-custom-action=\"crossclick\" data-gtm-custom-label=\"Contextuel\" data-gtm-event=\"customEventSPE\">Daily Mail ce 1 juillet.\u00a0<\/a><\/p>\n<p class=\"fig-paragraph\">Lauren S\u00e1nchez est m\u00e8re de trois enfants\u00a0: Nikko (n\u00e9 en 2001), Evan (2006) et Eleanor (2008). De son c\u00f4t\u00e9, Jeff Bezos est devenu p\u00e8re pour la premi\u00e8re fois en 2000, avec la naissance de son fils Preston. Il est le grand fr\u00e8re d\u2019une petite s\u0153ur et deux autres gar\u00e7ons adopt\u00e9s en Chine, dont les noms n\u2019ont pas \u00e9t\u00e9 d\u00e9voil\u00e9s.<\/p>\n","protected":false},"excerpt":{"rendered":"Jeff Bezos, Lauren Sanchez quitte l\u2019h\u00f4tel Aman. (Venise, le 28 juin 2025.) Piovanotto Marco\/ABACA \u00c0 l\u2019occasion de son&hellip;\n","protected":false},"author":2,"featured_media":224697,"comment_status":"","ping_status":"","sticky":false,"template":"","format":"standard","meta":{"footnotes":""},"categories":[6],"tags":[5417,35,33,34,1011,27,697,16787],"class_list":{"0":"post-224696","1":"post","2":"type-post","3":"status-publish","4":"format-standard","5":"has-post-thumbnail","7":"category-economie","8":"tag-bijoux","9":"tag-business","10":"tag-economie","11":"tag-economy","12":"tag-fr","13":"tag-france","14":"tag-jeff-bezos","15":"tag-venise"},"share_on_mastodon":{"url":"https:\/\/pubeurope.com\/@fr\/114792887958205664","error":""},"_links":{"self":[{"href":"https:\/\/www.europesays.com\/fr\/wp-json\/wp\/v2\/posts\/224696","targetHints":{"allow":["GET"]}}],"collection":[{"href":"https:\/\/www.europesays.com\/fr\/wp-json\/wp\/v2\/posts"}],"about":[{"href":"https:\/\/www.europesays.com\/fr\/wp-json\/wp\/v2\/types\/post"}],"author":[{"embeddable":true,"href":"https:\/\/www.europesays.com\/fr\/wp-json\/wp\/v2\/users\/2"}],"replies":[{"embeddable":true,"href":"https:\/\/www.europesays.com\/fr\/wp-json\/wp\/v2\/comments?post=224696"}],"version-history":[{"count":0,"href":"https:\/\/www.europesays.com\/fr\/wp-json\/wp\/v2\/posts\/224696\/revisions"}],"wp:featuredmedia":[{"embeddable":true,"href":"https:\/\/www.europesays.com\/fr\/wp-json\/wp\/v2\/media\/224697"}],"wp:attachment":[{"href":"https:\/\/www.europesays.com\/fr\/wp-json\/wp\/v2\/media?parent=224696"}],"wp:term":[{"taxonomy":"category","embeddable":true,"href":"https:\/\/www.europesays.com\/fr\/wp-json\/wp\/v2\/categories?post=224696"},{"taxonomy":"post_tag","embeddable":true,"href":"https:\/\/www.europesays.com\/fr\/wp-json\/wp\/v2\/tags?post=224696"}],"curies":[{"name":"wp","href":"https:\/\/api.w.org\/{rel}","templated":true}]}}