{"id":224700,"date":"2025-07-04T03:41:09","date_gmt":"2025-07-04T03:41:09","guid":{"rendered":"https:\/\/www.europesays.com\/fr\/224700\/"},"modified":"2025-07-04T03:41:09","modified_gmt":"2025-07-04T03:41:09","slug":"macron-hausse-le-ton-et-menace-de-retorsion","status":"publish","type":"post","link":"https:\/\/www.europesays.com\/fr\/224700\/","title":{"rendered":"Macron hausse le ton et menace de r\u00e9torsion"},"content":{"rendered":"<p><a href=\"https:\/\/www.20minutes.fr\/politique\/emmanuel-macron\/\" target=\"_blank\" class=\"color-ultramarine c-link\" rel=\"nofollow noopener\">Emmanuel Macron<\/a> a lanc\u00e9 jeudi un avertissement direct \u00e0 l\u2019<a href=\"https:\/\/www.20minutes.fr\/monde\/iran\/\" target=\"_blank\" class=\"color-ultramarine c-link\" rel=\"nofollow noopener\">Iran<\/a>\u00a0: si les autorit\u00e9s iraniennes maintiennent les <a href=\"https:\/\/www.20minutes.fr\/monde\/4161621-20250702-iran-francais-detenus-inculpes-espionnage-compte-israel\" target=\"_blank\" class=\"color-ultramarine c-link\" rel=\"nofollow noopener\">nouvelles charges d\u2019espionnage pour le Mossad<\/a> \u00e0 l\u2019encontre de C\u00e9cile Kohler et Jacques Paris, Paris prendra des \u00ab\u00a0mesures de r\u00e9torsion\u00a0\u00bb. \u00ab\u00a0La r\u00e9ponse ne se fera pas attendre\u00a0\u00bb, a pr\u00e9venu le pr\u00e9sident fran\u00e7ais, d\u00e9non\u00e7ant une \u00ab\u00a0provocation \u00e0 l\u2019\u00e9gard de la France\u00a0\u00bb et un \u00ab\u00a0choix inacceptable d\u2019agressivit\u00e9\u00a0\u00bb. Le chef de l\u2019Etat a \u00e9galement indiqu\u00e9 qu\u2019il comptait \u00e9voquer ce sujet avec son homologue iranien, Massoud Pezeshkian.<\/p>\n<p>Les deux Fran\u00e7ais, arr\u00eat\u00e9s en mai\u00a02022 \u00e0 la fin d\u2019un s\u00e9jour touristique, sont d\u00e9sormais formellement accus\u00e9s par T\u00e9h\u00e9ran d\u2019\u00ab\u00a0espionnage pour le <a href=\"https:\/\/www.20minutes.fr\/dossier\/services_secrets\" target=\"_blank\" class=\"color-ultramarine c-link\" rel=\"nofollow noopener\">Mossad<\/a>\u00a0\u00bb, de \u00ab\u00a0complot contre le r\u00e9gime\u00a0\u00bb et de \u00ab\u00a0corruption sur Terre\u00a0\u00bb \u2013 un chef d\u2019accusation particuli\u00e8rement grave dans la justice iranienne, passible de la <a href=\"https:\/\/www.20minutes.fr\/monde\/peine-de-mort\/\" target=\"_blank\" class=\"color-ultramarine c-link\" rel=\"nofollow noopener\">peine de mort<\/a>. Jusqu\u2019ici, les autorit\u00e9s iraniennes s\u2019\u00e9taient content\u00e9es d\u2019\u00e9voquer des faits d\u2019espionnage, sans en pr\u00e9ciser la nature ni la cible.<\/p>\n<\/p>\n<p>Leviers de pression avec les sanctions internationales<\/p>\n<p>Ces nouvelles accusations ont \u00e9t\u00e9 r\u00e9v\u00e9l\u00e9es mercredi par une source diplomatique occidentale et l\u2019entourage des deux <a href=\"https:\/\/www.20minutes.fr\/dossier\/detenus\" target=\"_blank\" class=\"color-ultramarine c-link\" rel=\"nofollow noopener\">d\u00e9tenus<\/a>. Elles ont provoqu\u00e9 un toll\u00e9 \u00e0 Paris, o\u00f9 l\u2019ex\u00e9cutif d\u00e9nonce une instrumentalisation politique. \u00ab\u00a0Je pourrais dire simplement que c\u2019est fantaisiste si ce n\u2019\u00e9tait pas criminel\u00a0\u00bb, a tacl\u00e9 Emmanuel Macron.<\/p>\n<p><a href=\"https:\/\/www.20minutes.fr\/monde\/iran\/\" target=\"_blank\" class=\"c-link c-btn c-btn--primary\" rel=\"nofollow noopener\">Notre dossier sur l&rsquo;Iran<\/a><\/p>\n<p>Le ministre fran\u00e7ais des Affaires \u00e9trang\u00e8res, <a href=\"https:\/\/www.20minutes.fr\/politique\/jean-noel-barrot\/\" target=\"_blank\" class=\"color-ultramarine c-link\" rel=\"nofollow noopener\">Jean-No\u00ebl Barrot<\/a>, a lui aussi rappel\u00e9 que la France disposait de leviers de pression, notamment sur le terrain des sanctions internationales. \u00ab\u00a0Nous l\u2019avons toujours dit \u00e0 nos interlocuteurs du r\u00e9gime iranien\u00a0: la question de d\u00e9cisions \u00e9ventuelles sur des sanctions sera conditionn\u00e9e au r\u00e8glement de ce diff\u00e9rend majeur\u00a0\u00bb, a-t-il d\u00e9clar\u00e9.<\/p>\n","protected":false},"excerpt":{"rendered":"Emmanuel Macron a lanc\u00e9 jeudi un avertissement direct \u00e0 l\u2019Iran\u00a0: si les autorit\u00e9s iraniennes maintiennent les nouvelles charges&hellip;\n","protected":false},"author":2,"featured_media":224701,"comment_status":"","ping_status":"","sticky":false,"template":"","format":"standard","meta":{"footnotes":""},"categories":[4],"tags":[47,11,1073,1011,27,3019,2121,74,12,9367,942,316,25,10378,10734],"class_list":{"0":"post-224700","1":"post","2":"type-post","3":"status-publish","4":"format-standard","5":"has-post-thumbnail","7":"category-france","8":"tag-actualite","9":"tag-actualites","10":"tag-emmanuel-macron","11":"tag-fr","12":"tag-france","13":"tag-iran","14":"tag-jean-noel-barrot","15":"tag-monde","16":"tag-news","17":"tag-otage","18":"tag-peine-de-mort","19":"tag-politique","20":"tag-republique-francaise","21":"tag-sanction","22":"tag-teheran"},"share_on_mastodon":{"url":"https:\/\/pubeurope.com\/@fr\/114792895831305668","error":""},"_links":{"self":[{"href":"https:\/\/www.europesays.com\/fr\/wp-json\/wp\/v2\/posts\/224700","targetHints":{"allow":["GET"]}}],"collection":[{"href":"https:\/\/www.europesays.com\/fr\/wp-json\/wp\/v2\/posts"}],"about":[{"href":"https:\/\/www.europesays.com\/fr\/wp-json\/wp\/v2\/types\/post"}],"author":[{"embeddable":true,"href":"https:\/\/www.europesays.com\/fr\/wp-json\/wp\/v2\/users\/2"}],"replies":[{"embeddable":true,"href":"https:\/\/www.europesays.com\/fr\/wp-json\/wp\/v2\/comments?post=224700"}],"version-history":[{"count":0,"href":"https:\/\/www.europesays.com\/fr\/wp-json\/wp\/v2\/posts\/224700\/revisions"}],"wp:featuredmedia":[{"embeddable":true,"href":"https:\/\/www.europesays.com\/fr\/wp-json\/wp\/v2\/media\/224701"}],"wp:attachment":[{"href":"https:\/\/www.europesays.com\/fr\/wp-json\/wp\/v2\/media?parent=224700"}],"wp:term":[{"taxonomy":"category","embeddable":true,"href":"https:\/\/www.europesays.com\/fr\/wp-json\/wp\/v2\/categories?post=224700"},{"taxonomy":"post_tag","embeddable":true,"href":"https:\/\/www.europesays.com\/fr\/wp-json\/wp\/v2\/tags?post=224700"}],"curies":[{"name":"wp","href":"https:\/\/api.w.org\/{rel}","templated":true}]}}