{"id":224706,"date":"2025-07-04T03:44:14","date_gmt":"2025-07-04T03:44:14","guid":{"rendered":"https:\/\/www.europesays.com\/fr\/224706\/"},"modified":"2025-07-04T03:44:14","modified_gmt":"2025-07-04T03:44:14","slug":"les-jeunes-incels-en-guerre-contre-les-femmes","status":"publish","type":"post","link":"https:\/\/www.europesays.com\/fr\/224706\/","title":{"rendered":"Les jeunes \u00ab\u00a0incels\u00a0\u00bb en guerre contre les femmes"},"content":{"rendered":"<p class=\"has-text-align-center\"><strong>Le parquet national antiterroriste saisi pour la premi\u00e8re fois dans une affaire d\u2019attentat masculiniste, apr\u00e8s plusieurs attaques du m\u00eame type ces derniers mois<\/strong><\/p>\n<p><img loading=\"lazy\" decoding=\"async\" width=\"1000\" height=\"1000\" data-attachment-id=\"94258\" data-permalink=\"https:\/\/contre-attaque.net\/2025\/07\/03\/attaque-masculiniste-dejouee-a-saint-etienne-les-jeunes-incels-en-guerre-contre-les-femmes\/signal-2025-07-03-115704_002\/\" data-orig-file=\"https:\/\/www.europesays.com\/fr\/wp-content\/uploads\/2025\/07\/signal-2025-07-03-115704_002.jpeg\" data-orig-size=\"1000,1000\" data-comments-opened=\"0\" data-image-meta=\"{&quot;aperture&quot;:&quot;0&quot;,&quot;credit&quot;:&quot;&quot;,&quot;camera&quot;:&quot;&quot;,&quot;caption&quot;:&quot;&quot;,&quot;created_timestamp&quot;:&quot;0&quot;,&quot;copyright&quot;:&quot;&quot;,&quot;focal_length&quot;:&quot;0&quot;,&quot;iso&quot;:&quot;0&quot;,&quot;shutter_speed&quot;:&quot;0&quot;,&quot;title&quot;:&quot;&quot;,&quot;orientation&quot;:&quot;0&quot;}\" data-image-title=\"signal-2025-07-03-115704_002\" data-image-description=\"\" data-image-caption=\"\" data-medium-file=\"https:\/\/contre-attaque.net\/wp-content\/uploads\/2025\/07\/signal-2025-07-03-115704_002-300x300.jpeg\" data-large-file=\"https:\/\/www.europesays.com\/fr\/wp-content\/uploads\/2025\/07\/signal-2025-07-03-115704_002.jpeg\" src=\"https:\/\/www.europesays.com\/fr\/wp-content\/uploads\/2025\/07\/signal-2025-07-03-115704_002.jpeg\" alt=\"Un couteau cach\u00e9 dans le dos d'un masculiniste.\" class=\"wp-image-94258\"  \/><\/p>\n<p>On apprenait le 2 juillet qu\u2019un attentat avait \u00e9t\u00e9 d\u00e9jou\u00e9 par la Direction g\u00e9n\u00e9rale de la s\u00e9curit\u00e9 int\u00e9rieure (DGSI), pr\u00e8s d\u2019un lyc\u00e9e de Saint-\u00c9tienne. Timothy G., 18 ans, a \u00e9t\u00e9 arr\u00eat\u00e9 le 27 juin dernier en possession de 2 couteaux dans son sac. Il est suspect\u00e9 d\u2019avoir voulu attaquer et tuer des femmes, notamment une de ses camarades qui aurait accus\u00e9 un ami de viol. Le Parquet national antiterroriste a ouvert une information judiciaire.<\/p>\n<p>C\u2019est la premi\u00e8re fois que ce parquet se saisit d\u2019une affaire de masculinisme. La preuve d\u2019une prise de conscience du danger grandissant de cette branche du fascisme ? Aux \u00c9tats-Unis, d\u00e9j\u00e0, le National Threat Assessment Center (NTAC) des services secrets am\u00e9ricains estime que \u00abl\u2019extr\u00e9misme misogyne\u00bb est une menace grandissante. <a href=\"https:\/\/contre-attaque.net\/2021\/08\/24\/tuerie-de-plymouth-un-terrorisme-masculiniste\/\" target=\"_blank\" rel=\"noopener\">En Angleterre \u00e9galement<\/a>, le MI5 a signal\u00e9 la mouvance comme pouvant \u00eatre consid\u00e9r\u00e9e comme terroriste.<\/p>\n<p>Le masculinisme incel<\/p>\n<p>Le jeune homme interpell\u00e9, \u00e9tudiant en classe pr\u00e9paratoire, se revendique de la \u201cmouvance incel\u201d, pour c\u00e9libataire involontaire. Sur ses r\u00e9seaux sociaux, il revendiquait un prochain passage \u00e0 l\u2019acte et glorifiait les meurtres d\u2019autres tueurs de cette mouvance. D\u00e9velopp\u00e9 sur les r\u00e9seaux sociaux en quelques ann\u00e9es, le courant incel promeut la haine des femmes, qui seraient la cause de leur c\u00e9libat et des maux de la soci\u00e9t\u00e9. Il s\u2019agit d\u2019une branche du masculinisme, lui-m\u00eame inscrit dans le courant n\u00e9ofasciste, avec comme grand repr\u00e9sentants des personnages comme Andrew Tate ou Donald Trump, les \u201cbros\u201d \u2013 pour brother en anglais.<\/p>\n<p>Ils revendiquent la n\u00e9cessit\u00e9 pour les hommes de reviriliser la soci\u00e9t\u00e9 et de remettre les femmes \u00e0 leur juste place, c\u2019est-\u00e0-dire inf\u00e9rieure. \u00abCe sont des hommes, majoritairement jeunes et h\u00e9t\u00e9rosexuels, qui se croient incapables d\u2019\u00e9tablir des relations et accusent souvent la soci\u00e9t\u00e9 \u2013 et les femmes en particulier \u2013 de leur manque d\u2019exp\u00e9riences sexuelles ou amoureuses\u00bb explique le Center for Countering Digital Hate (CCDH), le Centre contre la haine en ligne. Ce centre a \u00e9tudi\u00e9 plus d\u2019un million de messages publi\u00e9s entre janvier 2021 et juillet 2022 sur leurs r\u00e9seaux. R\u00e9sultat : une mention de viol toutes les 29 minutes. \u201cLeur id\u00e9e de base, c\u2019est que l\u2019\u00e9panouissement sexuel est un droit humain et qu\u2019en tant qu\u2019hommes qui ne l\u2019obtiennent pas, ils sont en quelque sorte priv\u00e9s et r\u00e9prim\u00e9s par les femmes\u201d explique Tim Wilson, directeur du Centre de recherche sur le terrorisme et la violence politique \u00e0 l\u2019Universit\u00e9 de St Andrews.<\/p>\n<p>Les attentats masculinistes en hausse depuis 10 ans \u00e0 travers le monde<\/p>\n<p>Cet attentat d\u00e9jou\u00e9 intervient<a href=\"https:\/\/contre-attaque.net\/2025\/06\/13\/attaques-dans-les-lycees-masculinisme-et-passage-a-lacte\/\" target=\"_blank\" rel=\"noopener\"> \u00e0 la suite d\u2019une s\u00e9rie qui ne fait que s\u2019allonger<\/a> : C\u2019est le quatri\u00e8me \u00e9pisode criminel relevant du masculinisme en trois mois en France.<\/p>\n<p>\u00c0 Nantes, le 24 avril, dans un lyc\u00e9e priv\u00e9 nantais r\u00e9put\u00e9 pour son calme : Justin P., \u00e2g\u00e9 de 15 ans, habill\u00e9 en noir et cagoul\u00e9, poignarde \u00e0 mort une de ses camarades de classe, Lor\u00e8ne. La victime \u00e9tait l\u2019une des seules \u00e9l\u00e8ves qui parlait \u00e0 cet adolescent isol\u00e9, et qui \u00e9tait bienveillante avec lui. Ce dernier s\u2019est acharn\u00e9 sur elle, en lui portant plus de 50 coups de couteau. Lors de son attaque, il a aussi bless\u00e9 trois autres \u00e9l\u00e8ves avant d\u2019\u00eatre ma\u00eetris\u00e9 par le personnel. Lors de son arrestation, il a demand\u00e9 \u00e0 un policier de lui \u00abtirer une balle dans la t\u00eate\u00bb.<\/p>\n<p>Justin P. \u00e9tait un admirateur d\u2019Hitler, selon plusieurs t\u00e9moignages. Une lyc\u00e9enne expliquait juste apr\u00e8s les faits : \u00ab\u00c0 plusieurs moments il a eu des propos nazis\u00bb. Dans le Figaro, un de ses camarades de classe d\u00e9clare \u00abIl \u00e9tait r\u00e9serv\u00e9. Il partageait des id\u00e9es bizarres, des id\u00e9es nazies\u00bb. Le jour de l\u2019attaque, il portait un casque comportant lui aussi des inscriptions li\u00e9es au Troisi\u00e8me Reich selon le journal Presse Oc\u00e9an.<\/p>\n<p>\u00c0 Dijon, le 7 juin, un lyc\u00e9en de 17 ans \u00e9tait arr\u00eat\u00e9 et plac\u00e9 en garde \u00e0 vue pour tentative d\u2019assassinat. Il avait annonc\u00e9 son projet de tuer une autre lyc\u00e9enne, et un couteau avait \u00e9t\u00e9 retrouv\u00e9 \u00e0 son domicile dans une pochette cartonn\u00e9e d\u2019\u00e9colier, ce qui semblait confirmer un passage \u00e0 l\u2019acte imminent. Dans un message publi\u00e9 sur les r\u00e9seaux sociaux, ce lyc\u00e9en disait vouloir se venger car la lyc\u00e9enne en question avait accus\u00e9 un de ses amis d\u2019\u00eatre un violeur.<\/p>\n<p>Nogent, en Haute Marne, le 10 juin. Quentin, 14 ans, poignarde \u00e0 mort une surveillante de son lyc\u00e9e, M\u00e9lanie. Son profil ressemble \u00e0 ceux des deux pr\u00e9c\u00e9dents. Ses camarades le d\u00e9crivent \u00e9galement comme \u00abbizarre\u00bb, \u00abisol\u00e9\u00bb, \u00abdans son monde\u00bb et fascin\u00e9 par la violence. Il avait frapp\u00e9 un camarade et tent\u00e9 d\u2019\u00e9trangler un autre par le pass\u00e9. Surtout, Quentin a fait l\u2019objet de \u00absignalements\u00bb suite \u00e0 des saluts nazis. Un \u00e9l\u00e9ment quasiment pass\u00e9 sous silence dans les m\u00e9dias. Un de ses amis a confi\u00e9 \u00e0 RMC que Quentin avait pour projet de poignarder quelqu\u2019un avant la fin de l\u2019ann\u00e9e, \u00abn\u2019importe quelle surveillante. Et il a vis\u00e9 une femme, M\u00e9lanie. Apr\u00e8s son interpellation, il n\u2019a exprim\u00e9 \u00abaucun regret\u00bb et a dit vouloir \u00abfaire le plus de d\u00e9g\u00e2ts\u00a0\u00bb. La justice estime qu\u2019il n\u2019a pas de troubles mentaux, mais appara\u00eet en \u00abperte de rep\u00e8res quant \u00e0 la valeur de la vie humaine\u00bb.<\/p>\n<p>Le 10 juin \u00e9galement, c\u2019est en Autriche qu\u2019un jeune de 21 ans a commis une tuerie de masse dans son ancien lyc\u00e9e, emportant 10 \u00e9l\u00e8ves avec des armes \u00e0 feu, avant de se suicider. Il avait aussi pr\u00e9par\u00e9 une bombe, qu\u2019il n\u2019a pas eu le temps de rendre op\u00e9rationnelle.<\/p>\n<p>En 2018 Alek Minassian, incel revendiqu\u00e9, tuait 11 personnes, surtout des femmes, lors d\u2019une attaque au camion-b\u00e9lier \u00e0 Toronto, au Canada.<\/p>\n<p>En 2014, un Am\u00e9ricain, Elliot Rodger, qui vomissait sa haine de la soci\u00e9t\u00e9 et des femmes, tuait six personnes, dont trois femmes en Californie. Il parlait de sa \u201cguerre contre les femmes\u201d. Depuis, il a \u00e9t\u00e9 \u00e9lev\u00e9 au rang de h\u00e9ros par la communaut\u00e9 incel, certains le d\u00e9signant comme \u201cSaint Elliot\u201d.<\/p>\n<p>Masculinisme et fascisme<\/p>\n<p>L\u2019\u00e9cart entre les jeunes femmes, qui adh\u00e8rent de plus en plus aux id\u00e9es progressistes, et les jeunes hommes aux id\u00e9es conservatrices, se creuse : le Haut conseil \u00e0 l\u2019\u00e9galit\u00e9 entre les femmes et les hommes r\u00e9v\u00e9lait dans son rapport de 2024 que \u201cla soci\u00e9t\u00e9 fran\u00e7aise se divise et se clive de plus en plus sur le sentiment d\u2019\u00e9galit\u00e9 [\u2026] on observe chez les hommes une adh\u00e9sion toujours plus forte aux st\u00e9r\u00e9otypes masculinistes\u201d. Ainsi, seuls 34% des hommes entre 25 et 34 ans trouvent anormal qu\u2019un homme ait un salaire plus important qu\u2019une femme \u00e0 poste \u00e9gal, contre 78% des femmes de la m\u00eame tranche d\u2019\u00e2ge. 40% des hommes de 15 \u00e0 24 ans et 39% de 25 \u00e0 34 ans.<\/p>\n<p>Ce backlash masculiniste est corr\u00e9l\u00e9 \u00e0 la mont\u00e9e du fascisme, qui v\u00e9hicule ces id\u00e9es ultra conservatrices, notamment via des influenceurs sur internet, tr\u00e8s suivis par les jeunes hommes. Andrew Tate par exemple, le propagandiste anglais accus\u00e9 entre autres de trafic d\u2019\u00eatres humains et de viols, d\u00e9clarait \u00ab je pense que les femmes appartiennent aux hommes\u00bb. En France les influenceurs masculinistes sont l\u00e9gion, comme Alex Hitchens. Ce dernier publiait sur Tiktok des vid\u00e9os ultra masculinistes, vous expliquant que vos \u00e9checs sont la faute des femmes, avant d\u2019\u00eatre banni de la plateforme. Il y distillait des conseils comme : \u00abTu prends le t\u00e9l\u00e9phone de ta copine, si elle refuse, c\u2019est une p***, fin de relation\u00bb.<\/p>\n<p>Convoqu\u00e9 par une commission d\u2019enqu\u00eate de l\u2019Assembl\u00e9e nationale sur l\u2019impact de TikTok sur la sant\u00e9 mentale des jeunes, il a coup\u00e9 court en accusant la commission de d\u00e9former ses propos. Le youtubeur St\u00e9phane Edouard, lui, vous propose des formations \u00e0 195\u20ac pour \u00ab\u00a0savoir se faire respecter\u00a0\u00bb ou comprendre \u00ab\u00a0la logique des femmes\u00a0\u00bb.<\/p>\n<p>De la m\u00eame fa\u00e7on, le passage \u00e0 l\u2019acte de plus en plus fr\u00e9quent de ces jeunes hommes isol\u00e9s, nihilistes et violents est li\u00e9 \u00e0 la mont\u00e9e du fascisme, une id\u00e9ologie qui glorifie fondamentalement la force brute, la domination et la mort. On le retrouve dans l\u2019absence totale d\u2019empathie t\u00e9moign\u00e9e dans les trois cas de Nantes, Dijon et Nogent : un m\u00e9pris de la vie humaine, en particulier celle de femmes.<\/p>\n<p>Au del\u00e0 du <a href=\"https:\/\/contre-attaque.net\/2025\/04\/27\/attaque-dans-un-lycee-toujours-une-reponse-securitaire\/\" target=\"_blank\" rel=\"noopener\">d\u00e9lire tout r\u00e9pressif qui semble \u00eatre la seule r\u00e9ponse apport\u00e9e par le gouvernement<\/a> \u2013 Fran\u00e7ois Bayrou a appel\u00e9 \u00e0 interdire la vente de couteaux aux mineurs, Bruno Retailleau, Eric Ciotti ou Brice Hortefeux se sont d\u00e9cha\u00een\u00e9s sur \u00abl\u2019ensauvagement\u00bb, ont r\u00e9clam\u00e9 plus \u00abd\u2019autorit\u00e9\u00bb, d\u00e9nonc\u00e9 \u00abMai 68\u00bb et demand\u00e9 des portiques de s\u00e9curit\u00e9 \u00e0 l\u2019entr\u00e9e des lyc\u00e9es \u2013 c\u2019est avant tout en luttant contre le fascisme que l\u2019on pourra emp\u00eacher les passages \u00e0 l\u2019acte des masculinistes violents.<\/p>\n","protected":false},"excerpt":{"rendered":"Le parquet national antiterroriste saisi pour la premi\u00e8re fois dans une affaire d\u2019attentat masculiniste, apr\u00e8s plusieurs attaques du&hellip;\n","protected":false},"author":2,"featured_media":224707,"comment_status":"","ping_status":"","sticky":false,"template":"","format":"standard","meta":{"footnotes":""},"categories":[9653],"tags":[1111,11,2430,1122,1777,674,1011,27,3851,12,25,4001,1254,797],"class_list":{"0":"post-224706","1":"post","2":"type-post","3":"status-publish","4":"format-standard","5":"has-post-thumbnail","7":"category-saint-etienne","8":"tag-actu","9":"tag-actualites","10":"tag-auvergne-rhone-alpes","11":"tag-ecole","12":"tag-eu","13":"tag-europe","14":"tag-fr","15":"tag-france","16":"tag-masculinisme","17":"tag-news","18":"tag-republique-francaise","19":"tag-saint-etienne","20":"tag-terrorisme","21":"tag-violences-faites-aux-femmes"},"share_on_mastodon":{"url":"https:\/\/pubeurope.com\/@fr\/114792907684526793","error":""},"_links":{"self":[{"href":"https:\/\/www.europesays.com\/fr\/wp-json\/wp\/v2\/posts\/224706","targetHints":{"allow":["GET"]}}],"collection":[{"href":"https:\/\/www.europesays.com\/fr\/wp-json\/wp\/v2\/posts"}],"about":[{"href":"https:\/\/www.europesays.com\/fr\/wp-json\/wp\/v2\/types\/post"}],"author":[{"embeddable":true,"href":"https:\/\/www.europesays.com\/fr\/wp-json\/wp\/v2\/users\/2"}],"replies":[{"embeddable":true,"href":"https:\/\/www.europesays.com\/fr\/wp-json\/wp\/v2\/comments?post=224706"}],"version-history":[{"count":0,"href":"https:\/\/www.europesays.com\/fr\/wp-json\/wp\/v2\/posts\/224706\/revisions"}],"wp:featuredmedia":[{"embeddable":true,"href":"https:\/\/www.europesays.com\/fr\/wp-json\/wp\/v2\/media\/224707"}],"wp:attachment":[{"href":"https:\/\/www.europesays.com\/fr\/wp-json\/wp\/v2\/media?parent=224706"}],"wp:term":[{"taxonomy":"category","embeddable":true,"href":"https:\/\/www.europesays.com\/fr\/wp-json\/wp\/v2\/categories?post=224706"},{"taxonomy":"post_tag","embeddable":true,"href":"https:\/\/www.europesays.com\/fr\/wp-json\/wp\/v2\/tags?post=224706"}],"curies":[{"name":"wp","href":"https:\/\/api.w.org\/{rel}","templated":true}]}}