{"id":224716,"date":"2025-07-04T03:53:23","date_gmt":"2025-07-04T03:53:23","guid":{"rendered":"https:\/\/www.europesays.com\/fr\/224716\/"},"modified":"2025-07-04T03:53:23","modified_gmt":"2025-07-04T03:53:23","slug":"grenoble-cinq-blesses-dans-une-collision-entre-une-voiture-et-un-vehicule-de-police","status":"publish","type":"post","link":"https:\/\/www.europesays.com\/fr\/224716\/","title":{"rendered":"Grenoble. Cinq bless\u00e9s dans une collision entre une voiture et un v\u00e9hicule de police"},"content":{"rendered":"<p>Un accident, dont les circonstances restent \u00e0 \u00eatre d\u00e9termin\u00e9es, a oppos\u00e9 la voiture d\u2019un particulier et un v\u00e9hicule de police, ce jeudi 3 juillet peu avant 15 heures sur l\u2019avenue Jean-Perrot \u00e0 Grenoble.<\/p>\n<p>Ce contenu est bloqu\u00e9 car vous n&rsquo;avez pas accept\u00e9 les cookies et autres traceurs.<\/p>\n<p>En cliquant sur \u00ab J\u2019accepte \u00bb, les cookies et autres traceurs seront d\u00e9pos\u00e9s et vous pourrez visualiser les contenus  (<a href=\"\" class=\"consentModule_policy\" target=\"_blank\" title=\"Consulter la politique de protection des donn\u00e9es du fournisseur\">plus d&rsquo;informations<\/a>).<\/p>\n<p>En cliquant sur \u00ab J\u2019accepte tous les cookies \u00bb, vous autorisez des d\u00e9p\u00f4ts de cookies et autres traceurs pour le stockage de vos donn\u00e9es sur nos sites et applications \u00e0 des fins de personnalisation et de ciblage publicitaire.<\/p>\n<p class=\"consentModule_secondaryText\">Vous gardez la possibilit\u00e9 de retirer votre consentement \u00e0 tout moment en consultant notre <a href=\"https:\/\/www.ledauphine.com\/protection-des-donnees\" target=\"_blank\" title=\"Consulter notre politique de protection des donn\u00e9es\" rel=\"nofollow noopener\">politique de protection des donn\u00e9es<\/a>. <br \/>&#13;<br \/>\n            <a href=\"https:\/\/www.ledauphine.com\/faits-divers-justice\/2025\/07\/03\/javascript:Didomi.notice.show()\" class=\"consentModule_cmp\" rel=\"nofollow noopener\" target=\"_blank\">G\u00e9rer mes choix<\/a>&#13;\n        <\/p>\n<p>&#13;<br \/>\n                        J&rsquo;accepte&#13;<br \/>\n            J&rsquo;accepte tous les cookies&#13;\n        <\/p>\n<p>Selon les premiers \u00e9l\u00e9ments, le conducteur de la voiture, un homme \u00e2g\u00e9 de 85 ans qui roulait sur l\u2019avenue, aurait tourn\u00e9 sur sa gauche en coupant la route \u00e0 un \u00e9quipage de la brigade sp\u00e9cialis\u00e9e de terrain (BST).<\/p>\n<p>Dans le v\u00e9hicule s\u00e9rigraphi\u00e9e se trouvaient quatre fonctionnaires qui ont \u00e9t\u00e9 tr\u00e8s l\u00e9g\u00e8rement bless\u00e9s. Ils ont \u00e9t\u00e9 conduits \u00e0 la clinique Mutualiste par les sapeurs-pompiers tandis que l\u2019octog\u00e9naire, plus s\u00e9rieusement touch\u00e9, \u00e9tait transport\u00e9 au CHU Grenoble Alpes.<\/p>\n<p>L\u2019avenue Jean-Perrot a \u00e9t\u00e9 coup\u00e9e \u00e0 la circulation, entre le chemin de l\u2019\u00c9glise et la rue Ponsard, le temps de l\u2019intervention de secours.<\/p>\n","protected":false},"excerpt":{"rendered":"Un accident, dont les circonstances restent \u00e0 \u00eatre d\u00e9termin\u00e9es, a oppos\u00e9 la voiture d\u2019un particulier et un v\u00e9hicule&hellip;\n","protected":false},"author":2,"featured_media":224717,"comment_status":"","ping_status":"","sticky":false,"template":"","format":"standard","meta":{"footnotes":""},"categories":[9566],"tags":[119,1111,11,2430,112,1777,674,274,107,1011,27,2731,2732,108,12,25],"class_list":{"0":"post-224716","1":"post","2":"type-post","3":"status-publish","4":"format-standard","5":"has-post-thumbnail","7":"category-grenoble","8":"tag-accident","9":"tag-actu","10":"tag-actualites","11":"tag-auvergne-rhone-alpes","12":"tag-edition-grenoble-agglomeration","13":"tag-eu","14":"tag-europe","15":"tag-faits-divers-justice","16":"tag-fil-info","17":"tag-fr","18":"tag-france","19":"tag-grenoble","20":"tag-grenoble-bassin","21":"tag-isere","22":"tag-news","23":"tag-republique-francaise"},"share_on_mastodon":{"url":"https:\/\/pubeurope.com\/@fr\/114792943291971469","error":""},"_links":{"self":[{"href":"https:\/\/www.europesays.com\/fr\/wp-json\/wp\/v2\/posts\/224716","targetHints":{"allow":["GET"]}}],"collection":[{"href":"https:\/\/www.europesays.com\/fr\/wp-json\/wp\/v2\/posts"}],"about":[{"href":"https:\/\/www.europesays.com\/fr\/wp-json\/wp\/v2\/types\/post"}],"author":[{"embeddable":true,"href":"https:\/\/www.europesays.com\/fr\/wp-json\/wp\/v2\/users\/2"}],"replies":[{"embeddable":true,"href":"https:\/\/www.europesays.com\/fr\/wp-json\/wp\/v2\/comments?post=224716"}],"version-history":[{"count":0,"href":"https:\/\/www.europesays.com\/fr\/wp-json\/wp\/v2\/posts\/224716\/revisions"}],"wp:featuredmedia":[{"embeddable":true,"href":"https:\/\/www.europesays.com\/fr\/wp-json\/wp\/v2\/media\/224717"}],"wp:attachment":[{"href":"https:\/\/www.europesays.com\/fr\/wp-json\/wp\/v2\/media?parent=224716"}],"wp:term":[{"taxonomy":"category","embeddable":true,"href":"https:\/\/www.europesays.com\/fr\/wp-json\/wp\/v2\/categories?post=224716"},{"taxonomy":"post_tag","embeddable":true,"href":"https:\/\/www.europesays.com\/fr\/wp-json\/wp\/v2\/tags?post=224716"}],"curies":[{"name":"wp","href":"https:\/\/api.w.org\/{rel}","templated":true}]}}