{"id":224743,"date":"2025-07-04T04:09:09","date_gmt":"2025-07-04T04:09:09","guid":{"rendered":"https:\/\/www.europesays.com\/fr\/224743\/"},"modified":"2025-07-04T04:09:09","modified_gmt":"2025-07-04T04:09:09","slug":"prison-des-baumettes-3-pas-encore-livree-deja-surpeuplee","status":"publish","type":"post","link":"https:\/\/www.europesays.com\/fr\/224743\/","title":{"rendered":"Prison des Baumettes 3\u00a0: pas encore livr\u00e9e, d\u00e9j\u00e0 \u00ab\u00a0surpeupl\u00e9e\u00a0\u00bb"},"content":{"rendered":"<p>Alors que le nouveau b\u00e2timent de la prison des Baumettes n&rsquo;a pas encore ouvert ses portes, les estimations du nombre de d\u00e9tenus tablent sur une surpopulation imm\u00e9diate. Une situation qui prive les d\u00e9tenus d&rsquo;acc\u00e8s aux droits et inqui\u00e8te le personnel carc\u00e9ral.<\/p>\n<p>    \u201cC\u2019est une cocotte-minute pr\u00eate \u00e0 exploser. On n\u2019a plus de place !\u201d, pr\u00e9vient A\u00efcha Khelfa, la secr\u00e9taire r\u00e9gionale adjointe de la CGT p\u00e9nitentiaire. Mercredi 2 juillet, des repr\u00e9sentants du Syndicat des avocats et avocates de France (SAF), du Syndicat de la magistrature, de la CGT des h\u00f4pitaux sud et de la CGT p\u00e9nitentiaire Paca\/Corse ont donn\u00e9 rendez-vous \u00e0 la presse. Avec un mot d\u2019ordre\u00a0: alerter sur la situation dans laquelle se trouve le centre p\u00e9nitentiaire des Baumettes. L\u2019inqui\u00e9tude est unanime, la prison marseillaise est pleine \u00e0 craquer. Et si le sujet n\u2019est pas nouveau, les derniers chiffres en date sont \u00e9difiants. En d\u00e9but de semaine, \u201cle taux de surpopulation \u00e9tait de 196\u00a0%, soit plus de 1\u00a0330 d\u00e9tenus, comptabilise &#8230; <\/p>\n<p>VOUS VOULEZ LIRE LA SUITE\u00a0?\n\t\t              <\/p>\n<p>\n\t\t              CET \u00c9T\u00c9,<br \/>MARSACTU EST \u00c0<br \/>\n\t\t                <\/p>\n","protected":false},"excerpt":{"rendered":"Alors que le nouveau b\u00e2timent de la prison des Baumettes n&rsquo;a pas encore ouvert ses portes, les estimations&hellip;\n","protected":false},"author":2,"featured_media":224744,"comment_status":"","ping_status":"","sticky":false,"template":"","format":"standard","meta":{"footnotes":""},"categories":[2814],"tags":[1111,11,36366,1777,674,1011,27,884,12,36367,882,25,36368,4772],"class_list":{"0":"post-224743","1":"post","2":"type-post","3":"status-publish","4":"format-standard","5":"has-post-thumbnail","7":"category-marseille","8":"tag-actu","9":"tag-actualites","10":"tag-baumettes3","11":"tag-eu","12":"tag-europe","13":"tag-fr","14":"tag-france","15":"tag-marseille","16":"tag-news","17":"tag-prisondesbaumettes","18":"tag-provence-alpes-cote-dazur","19":"tag-republique-francaise","20":"tag-surpopulationcarcerale","21":"tag-zalu"},"share_on_mastodon":{"url":"https:\/\/pubeurope.com\/@fr\/114793006055536414","error":""},"_links":{"self":[{"href":"https:\/\/www.europesays.com\/fr\/wp-json\/wp\/v2\/posts\/224743","targetHints":{"allow":["GET"]}}],"collection":[{"href":"https:\/\/www.europesays.com\/fr\/wp-json\/wp\/v2\/posts"}],"about":[{"href":"https:\/\/www.europesays.com\/fr\/wp-json\/wp\/v2\/types\/post"}],"author":[{"embeddable":true,"href":"https:\/\/www.europesays.com\/fr\/wp-json\/wp\/v2\/users\/2"}],"replies":[{"embeddable":true,"href":"https:\/\/www.europesays.com\/fr\/wp-json\/wp\/v2\/comments?post=224743"}],"version-history":[{"count":0,"href":"https:\/\/www.europesays.com\/fr\/wp-json\/wp\/v2\/posts\/224743\/revisions"}],"wp:featuredmedia":[{"embeddable":true,"href":"https:\/\/www.europesays.com\/fr\/wp-json\/wp\/v2\/media\/224744"}],"wp:attachment":[{"href":"https:\/\/www.europesays.com\/fr\/wp-json\/wp\/v2\/media?parent=224743"}],"wp:term":[{"taxonomy":"category","embeddable":true,"href":"https:\/\/www.europesays.com\/fr\/wp-json\/wp\/v2\/categories?post=224743"},{"taxonomy":"post_tag","embeddable":true,"href":"https:\/\/www.europesays.com\/fr\/wp-json\/wp\/v2\/tags?post=224743"}],"curies":[{"name":"wp","href":"https:\/\/api.w.org\/{rel}","templated":true}]}}