{"id":224755,"date":"2025-07-04T04:16:23","date_gmt":"2025-07-04T04:16:23","guid":{"rendered":"https:\/\/www.europesays.com\/fr\/224755\/"},"modified":"2025-07-04T04:16:23","modified_gmt":"2025-07-04T04:16:23","slug":"vacances-dete-a-paris-les-nouveaux-spots-de-baignade-dans-la-seine","status":"publish","type":"post","link":"https:\/\/www.europesays.com\/fr\/224755\/","title":{"rendered":"Vacances d\u2019\u00e9t\u00e9 \u00e0 Paris\u00a0: les nouveaux spots de baignade dans la Seine"},"content":{"rendered":"<p>Notre guide pour retrouver la magie des JO cet \u00e9t\u00e9<\/p>\n<p class=\"paragraph text_align_left lp-f-body-02\">La Ville de Paris ouvre du 5 juillet au 31 ao\u00fbt <a href=\"https:\/\/www.leparisien.fr\/paris-75\/paris-la-baignade-dans-la-seine-ouverte-des-le-5-juillet-14-05-2025-G7KZDAQM6JD3BG74EWUCURWYQY.php\" target=\"_blank\" rel=\"noreferrer nofollow noopener\">trois sites pour se baigner dans la Seine<\/a>. H\u00e9ritage des Jeux olympiques, ces baignades gratuites et surveill\u00e9es offriront des lieux de d\u00e9tente, de rafra\u00eechissement et de loisirs. La qualit\u00e9 de l\u2019eau sera contr\u00f4l\u00e9e quotidiennement et les acc\u00e8s seront susceptibles d\u2019\u00eatre ferm\u00e9s en cas d\u2019intemp\u00e9ries, de courant trop fort ou de mauvais r\u00e9sultats d\u2019analyses. Les visiteurs seront inform\u00e9s chaque jour sur<a href=\"https:\/\/www.paris.fr\/pages\/meteo-de-la-seine-quelle-est-la-qualite-de-l-eau-du-fleuve-27467\" rel=\"nofollow noopener\" target=\"_blank\"> Paris.fr<\/a>.<\/p>\n<p><img decoding=\"async\" class=\"image \" loading=\"lazy\" src=\"https:\/\/www.europesays.com\/fr\/wp-content\/uploads\/2025\/07\/NYTCRADUMBGM5IRM6BU6VUVPZM.jpg\" alt=\"\" align=\"\" data-rubrique-principale=\"\" data-article-type=\"\" fetchpriority=\"auto\"\/>\u00c0 Grenelle, le coin des familles<\/p>\n<p class=\"paragraph text_align_left lp-f-body-02\"><a href=\"https:\/\/www.leparisien.fr\/paris-75\/baignade-dans-la-seine-a-paris-cet-ete-cohabitation-avec-les-bateaux-amenagements-a-quoi-ca-ressemblera-09-01-2025-IKGPCTGIYJBHBO7DU6EA3LN4AM.php\" target=\"_blank\" rel=\"noreferrer nofollow noopener\">La baignade sera familiale face \u00e0 l\u2019\u00eele aux Cygnes (XVe).<\/a> \u00c0 proximit\u00e9 de la tour Eiffel, elle accueillera les usagers sur de larges pontons o\u00f9 se trouveront un solarium et un bassin s\u00e9curis\u00e9 de faible profondeur pour les enfants. Une base nautique proposera gratuitement du kayak. Ouvert de 10 heures \u00e0 17h30, du lundi au vendredi, de 10 heures \u00e0 16h45 le samedi, de 10 heures \u00e0 midi et de 12h30 \u00e0 14h15 puis de 14h45 \u00e0 17h30 le dimanche. Le site pourra recevoir 200 personnes en m\u00eame temps, dont 150 dans l\u2019eau, dans un espace long de 60 m, sur 20 m de large.<\/p>\n<p>Au bras Marie, tout pr\u00e8s de Paris-Plages<\/p>\n<p class=\"paragraph text_align_left lp-f-body-02\">Les amateurs sauteront dans l\u2019eau face \u00e0 l\u2019\u00eele Saint-Louis, au pied du pont Sully (Ve). L\u2019espace de baignade surveill\u00e9e fera 70 m sur 20 m. Des casiers, des douches ext\u00e9rieures et des transats seront \u00e0 disposition du public. Ce site b\u00e9n\u00e9ficie de la proximit\u00e9 de Paris-Plages sur le parc Rives-de-Seine. Il pourra accueillir 150 personnes en simultan\u00e9 et sera ouvert de 8 heures \u00e0 11h30, du lundi au samedi, de 8 heures \u00e0 17h30 le dimanche. La navigation sera interdite sur ces cr\u00e9neaux horaires.<\/p>\n<p>\u00c0 Bercy, solarium et baignade avec vue<img decoding=\"async\" class=\"image \" loading=\"lazy\" src=\"https:\/\/www.europesays.com\/fr\/wp-content\/uploads\/2025\/07\/1751602583_926_S2OUBWSTERCMXMI7DJFVVNQDPI.jpg\" alt=\"Au pied du parc de Bercy, les nageurs seront prot\u00e9g\u00e9s des bateaux par une infrastructure sur pilotis. LP\/Marion Kremp\" align=\"\" data-rubrique-principale=\"\" data-article-type=\"\" fetchpriority=\"auto\"\/>Au pied du parc de Bercy, les nageurs seront prot\u00e9g\u00e9s des bateaux par une infrastructure sur pilotis. LP\/Marion Kremp<\/p>\n<p class=\"paragraph text_align_left lp-f-body-02\">De part et d\u2019autre de la passerelle Simone-de-Beauvoir, <a href=\"https:\/\/www.leparisien.fr\/paris-75\/baignade-a-paris-a-j-6-avant-le-grand-plongeon-dans-la-seine-le-site-de-bercy-emerge-30-06-2025-FGAOSA4GINFIDBX34L2Y6YZK4I.php\" target=\"_blank\" rel=\"noreferrer nofollow noopener\">deux espaces de baignade sont am\u00e9nag\u00e9s et s\u00e9par\u00e9s de la navigation<\/a> \u00ab par une protection lat\u00e9rale \u00bb. Les baigneurs pourront profiter d\u2019un solarium, face \u00e0 la Biblioth\u00e8que nationale de France, juste en dessous du parc de Bercy. Il sera ouvert tous les jours de 11 heures \u00e0 21 heures et pourra accueillir 700 personnes, dont 300 en zone de baignade, dans deux bassins.<\/p>\n","protected":false},"excerpt":{"rendered":"Notre guide pour retrouver la magie des JO cet \u00e9t\u00e9 La Ville de Paris ouvre du 5 juillet&hellip;\n","protected":false},"author":2,"featured_media":224756,"comment_status":"","ping_status":"","sticky":false,"template":"","format":"standard","meta":{"footnotes":""},"categories":[1888],"tags":[1111,1928,11,1927,872,1777,674,1011,27,12,1926,626,1925,25,6047],"class_list":{"0":"post-224755","1":"post","2":"type-post","3":"status-publish","4":"format-standard","5":"has-post-thumbnail","7":"category-paris","8":"tag-actu","9":"tag-actu-paris","10":"tag-actualites","11":"tag-actualites-paris","12":"tag-culture-et-loisirs","13":"tag-eu","14":"tag-europe","15":"tag-fr","16":"tag-france","17":"tag-news","18":"tag-news-paris","19":"tag-paris","20":"tag-paris-news","21":"tag-republique-francaise","22":"tag-sortir-en-region-parisienne"},"share_on_mastodon":{"url":"https:\/\/pubeurope.com\/@fr\/114793033655171528","error":""},"_links":{"self":[{"href":"https:\/\/www.europesays.com\/fr\/wp-json\/wp\/v2\/posts\/224755","targetHints":{"allow":["GET"]}}],"collection":[{"href":"https:\/\/www.europesays.com\/fr\/wp-json\/wp\/v2\/posts"}],"about":[{"href":"https:\/\/www.europesays.com\/fr\/wp-json\/wp\/v2\/types\/post"}],"author":[{"embeddable":true,"href":"https:\/\/www.europesays.com\/fr\/wp-json\/wp\/v2\/users\/2"}],"replies":[{"embeddable":true,"href":"https:\/\/www.europesays.com\/fr\/wp-json\/wp\/v2\/comments?post=224755"}],"version-history":[{"count":0,"href":"https:\/\/www.europesays.com\/fr\/wp-json\/wp\/v2\/posts\/224755\/revisions"}],"wp:featuredmedia":[{"embeddable":true,"href":"https:\/\/www.europesays.com\/fr\/wp-json\/wp\/v2\/media\/224756"}],"wp:attachment":[{"href":"https:\/\/www.europesays.com\/fr\/wp-json\/wp\/v2\/media?parent=224755"}],"wp:term":[{"taxonomy":"category","embeddable":true,"href":"https:\/\/www.europesays.com\/fr\/wp-json\/wp\/v2\/categories?post=224755"},{"taxonomy":"post_tag","embeddable":true,"href":"https:\/\/www.europesays.com\/fr\/wp-json\/wp\/v2\/tags?post=224755"}],"curies":[{"name":"wp","href":"https:\/\/api.w.org\/{rel}","templated":true}]}}