{"id":224759,"date":"2025-07-04T04:18:10","date_gmt":"2025-07-04T04:18:10","guid":{"rendered":"https:\/\/www.europesays.com\/fr\/224759\/"},"modified":"2025-07-04T04:18:10","modified_gmt":"2025-07-04T04:18:10","slug":"sur-la-seine-la-brigade-fluviale-fait-la-chasse-aux-pilotes-de-bateaux-ivres","status":"publish","type":"post","link":"https:\/\/www.europesays.com\/fr\/224759\/","title":{"rendered":"sur la Seine, la brigade fluviale fait la chasse aux pilotes de bateaux ivres"},"content":{"rendered":"<p>            Par<br \/>\n        <strong><br \/>\n            <a href=\"https:\/\/actu.fr\/auteur\/antoine-blanchet\" title=\"Consulter tous les articles de Antoine Blanchet\" target=\"_blank\" rel=\"noopener\">Antoine Blanchet<\/a><br \/>\n        <\/strong><\/p>\n<p>        Publi\u00e9 le<\/p>\n<p>            4 juil. 2025 \u00e0 6h04        <\/p>\n<p>\u00ab\u2009De toute fa\u00e7on, je ne bois jamais\u2009\u00bb, rigole le matelot lorsque l\u2019agent de la<strong> brigade fluviale de la <a href=\"https:\/\/actu.fr\/tag\/prefecture-de-police-de-paris\" target=\"_blank\" rel=\"noopener\">pr\u00e9fecture de Police<\/a><\/strong> de <a href=\"https:\/\/actu.fr\/paris\/https:\/\/actu.fr\/paris\/\" target=\"_blank\" rel=\"noopener\">Paris<\/a> lui tend l\u2019\u00e9thylotest. Il souffle. Quelques instants d\u2019attente. C\u2019est n\u00e9gatif. Comme tous les tests r\u00e9alis\u00e9s par les policiers ce mercredi 2\u00a0juillet 2025 sur la Seine. Ces contr\u00f4les \u00e0 l\u2019improviste <strong>du taux d\u2019alcool\u00e9mie<\/strong> et de <a href=\"https:\/\/actu.fr\/tag\/drogue\" target=\"_blank\" rel=\"noopener\">drogue<\/a> dans le sang sont d\u00e9sormais possibles depuis un d\u00e9cret du 15\u00a0janvier. L\u2019objectif\u2009: r\u00e9duire les risques d\u2019accidents sur les eaux de la capitale et sa proche banlieue.<\/p>\n<p>Toutes les embarcations vis\u00e9es par les contr\u00f4les<\/p>\n<p class=\" wall-content\">Pour cette journ\u00e9e de contr\u00f4les, <strong>cinq zodiacs de la brigade et 15 agents<\/strong> ont \u00e9t\u00e9 mobilis\u00e9s ainsi que des officiers de police judiciaire. Toute la matin\u00e9e, 13 embarcations ont \u00e9t\u00e9 contr\u00f4l\u00e9es. \u00ab\u2009On vise tous types de bateaux. \u00c7a va du bateau-mouche \u00e0 la vedette de plaisancier\u2009\u00bb, d\u00e9taille Magali Charbonneau, pr\u00e9f\u00e8te et directrice de cabinet du pr\u00e9fet de Police. \u00ab\u2009L\u2019id\u00e9e, c\u2019est de sensibiliser au fait qu\u2019on ne conduit pas un bateau apr\u00e8s avoir bu de l\u2019alcool\u2009\u00bb, rajoute Marie Gautier-Melleray, aussi pr\u00e9f\u00e8te et secr\u00e9taire g\u00e9n\u00e9rale charg\u00e9e des politiques publiques en \u00cele-de-France.<\/p>\n<p class=\" wall-content\">Ces nouveaux contr\u00f4les seront quasi-quotidiens sur le fleuve. \u00ab\u2009En journ\u00e9e, nous avons entre 4 et 5 \u00e9quipages mobilis\u00e9s et 2 durant la nuit\u2009\u00bb, \u00e9num\u00e8re Sophie Malherbe-Mayeux, chef de service au sein de la brigade fluviale. Les policiers seront \u00e9quip\u00e9s <a href=\"https:\/\/actu.fr\/hauts-de-france\/lesquin_59343\/ethylotest-antidemarrage-comment-marche-combien-coute_22734743.html\" target=\"_blank\" rel=\"noopener\">d\u2019\u00e9thylotests<\/a> et de tests salivaires.<\/p>\n<p class=\" wall-content\">\u00ab\u2009Sur l\u2019eau, le taux maximum d\u2019alcool dans le sang autoris\u00e9 est de<strong> 0,2\u00a0g pour les conducteurs<\/strong> et de<strong> 0,5\u00a0g pour l\u2019\u00e9quipage<\/strong>. Pour la drogue, c\u2019est tout simplement z\u00e9ro\u2009\u00bb, pr\u00e9cise la pr\u00e9f\u00e8te. En cas de tests positifs, les peines encourues sont, comme sur la route, tr\u00e8s lourde\u2009: suspension imm\u00e9diate du permis et des condamnations allant jusqu\u2019\u00e0 4\u2009500\u00a0euros d\u2019amende, trois ans de prison et une suspension du permis pendant deux ans.<\/p>\n<p>Des accidents fr\u00e9quents<\/p>\n<p class=\" wall-content\">Derri\u00e8re ces nouveaux contr\u00f4les, une volont\u00e9 de r\u00e9duire les risques sur les flots. \u00ab\u2009L\u2019an pass\u00e9, il y a eu <strong>53 accidents sur le fleuve, dont 38 \u00e0 Paris<\/strong>. Parmi eux, 11 collisions entre bateaux. Ce genre d\u2019incident peut \u00eatre tr\u00e8s dangereux, surtout lorsqu\u2019il implique de grandes embarcations avec 1\u2009000 passagers \u00e0 son bord\u2009\u00bb, \u00e9gr\u00e8ne Magali Charbonneau. Les accidents peuvent aussi provoquer des d\u00e9g\u00e2ts d\u2019envergure sur les infrastructures. Le 18\u00a0mai dernier, un bateau avait heurt\u00e9 un pont sur l\u2019\u00eele Saint-Denis, causant plusieurs dommages.<\/p>\n<p>Sensibiliser les conducteurs de bateau<\/p>\n<p class=\" wall-content\">En amont de ces dispositifs de v\u00e9rification, tout un travail de sensibilisation a \u00e9t\u00e9 effectu\u00e9 par les autorit\u00e9s aupr\u00e8s de la communaut\u00e9 du fleuve. \u00ab\u2009Des d\u00e9pliants sur les dangers de la consommation d\u2019alcool et de drogues ont \u00e9t\u00e9 distribu\u00e9s aux embarcations. Ces flyers sont en fran\u00e7ais et en anglais\u2009\u00bb, pr\u00e9cise Sophie Sophie Malherbe-Mayeux.<\/p>\n<p class=\" wall-content\">En cette matin\u00e9e, tous les matelots contr\u00f4l\u00e9s se sont r\u00e9v\u00e9l\u00e9s n\u00e9gatifs \u00e0 l\u2019alcool et aux stup\u00e9fiants. Des r\u00e9sultats significatifs pour Magali Charbonneau\u2009: \u00ab\u2009Ce qu\u2019on veut, c\u2019est que \u00e7a soit tout le temps comme \u00e7a\u2009\u00bb.<\/p>\n<p class=\" wall-content\">Suivez toute l\u2019actualit\u00e9 de vos villes et m\u00e9dias favoris en vous inscrivant \u00e0 <a href=\"https:\/\/moncompte.actu.fr\" title=\"D\u00e9couvez Mon Actu\" rel=\"nofollow noopener\" data-trk=\"{&quot;cta&quot;:{&quot;action&quot;:&quot;https:\\\/\\\/moncompte.actu.fr&quot;,&quot;category&quot;:&quot;mon compte&quot;,&quot;from&quot;:&quot;article footer&quot;,&quot;name&quot;:&quot;Mon actu&quot;,&quot;type&quot;:&quot;cta&quot;}}\" target=\"_blank\">Mon Actu<\/a>.<\/p>\n<ul class=\"ac-article-tag wall-content\">\n<li><a href=\"https:\/\/actu.fr\/tag\/prefecture-de-police-de-paris\" data-trk=\"{&quot;cta&quot;:{&quot;action&quot;:&quot;Pr\\u00e9fecture de Police de Paris&quot;,&quot;category&quot;:&quot;tag&quot;,&quot;from&quot;:&quot;article footer&quot;,&quot;name&quot;:&quot;Pr\\u00e9fecture de Police de Paris&quot;,&quot;type&quot;:&quot;cta&quot;}}\" target=\"_blank\" rel=\"noopener\">#Pr\u00e9fecture de Police de Paris<\/a><\/li>\n<\/ul>\n","protected":false},"excerpt":{"rendered":"Par Antoine Blanchet Publi\u00e9 le 4 juil. 2025 \u00e0 6h04 \u00ab\u2009De toute fa\u00e7on, je ne bois jamais\u2009\u00bb, rigole&hellip;\n","protected":false},"author":2,"featured_media":224760,"comment_status":"","ping_status":"","sticky":false,"template":"","format":"standard","meta":{"footnotes":""},"categories":[1888],"tags":[11,1777,674,118,1011,27,12,626,1931,25],"class_list":{"0":"post-224759","1":"post","2":"type-post","3":"status-publish","4":"format-standard","5":"has-post-thumbnail","7":"category-paris","8":"tag-actualites","9":"tag-eu","10":"tag-europe","11":"tag-faits-divers","12":"tag-fr","13":"tag-france","14":"tag-news","15":"tag-paris","16":"tag-prefecture-de-police-de-paris","17":"tag-republique-francaise"},"share_on_mastodon":{"url":"https:\/\/pubeurope.com\/@fr\/114793041526920225","error":""},"_links":{"self":[{"href":"https:\/\/www.europesays.com\/fr\/wp-json\/wp\/v2\/posts\/224759","targetHints":{"allow":["GET"]}}],"collection":[{"href":"https:\/\/www.europesays.com\/fr\/wp-json\/wp\/v2\/posts"}],"about":[{"href":"https:\/\/www.europesays.com\/fr\/wp-json\/wp\/v2\/types\/post"}],"author":[{"embeddable":true,"href":"https:\/\/www.europesays.com\/fr\/wp-json\/wp\/v2\/users\/2"}],"replies":[{"embeddable":true,"href":"https:\/\/www.europesays.com\/fr\/wp-json\/wp\/v2\/comments?post=224759"}],"version-history":[{"count":0,"href":"https:\/\/www.europesays.com\/fr\/wp-json\/wp\/v2\/posts\/224759\/revisions"}],"wp:featuredmedia":[{"embeddable":true,"href":"https:\/\/www.europesays.com\/fr\/wp-json\/wp\/v2\/media\/224760"}],"wp:attachment":[{"href":"https:\/\/www.europesays.com\/fr\/wp-json\/wp\/v2\/media?parent=224759"}],"wp:term":[{"taxonomy":"category","embeddable":true,"href":"https:\/\/www.europesays.com\/fr\/wp-json\/wp\/v2\/categories?post=224759"},{"taxonomy":"post_tag","embeddable":true,"href":"https:\/\/www.europesays.com\/fr\/wp-json\/wp\/v2\/tags?post=224759"}],"curies":[{"name":"wp","href":"https:\/\/api.w.org\/{rel}","templated":true}]}}