{"id":224761,"date":"2025-07-04T04:19:15","date_gmt":"2025-07-04T04:19:15","guid":{"rendered":"https:\/\/www.europesays.com\/fr\/224761\/"},"modified":"2025-07-04T04:19:15","modified_gmt":"2025-07-04T04:19:15","slug":"russie-reconnaissance-officielle-du-regime-taliban-linfo-re","status":"publish","type":"post","link":"https:\/\/www.europesays.com\/fr\/224761\/","title":{"rendered":"Russie : reconnaissance officielle du r\u00e9gime taliban &#8211; LINFO.re"},"content":{"rendered":"<p>Pour la premi\u00e8re fois, un pays membre du Conseil de s\u00e9curit\u00e9 de l\u2019ONU reconna\u00eet officiellement le r\u00e9gime taliban en Afghanistan. Cette reconnaissance marque une nouvelle \u00e9tape dans les relations internationales.<\/p>\n<p>\t\t\t\t\t\t<strong>Un drapeau taliban \u00e0 Moscou<\/strong><\/p>\n<p>La <a href=\"https:\/\/www.linfo.re\/tags\/russie\" target=\"_blank\" rel=\"noopener\"><strong>Russie<\/strong><\/a> a franchi une \u00e9tape en reconnaissant officiellement l\u2019\u00e9mirat islamique instaur\u00e9 par les <a href=\"https:\/\/www.linfo.re\/tags\/talibans\" target=\"_blank\" rel=\"noopener\"><strong>Talibans<\/strong><\/a> en <a href=\"https:\/\/www.linfo.re\/tags\/afghanistan-62532\" target=\"_blank\" rel=\"noopener\"><strong>Afghanistan<\/strong><\/a>. Cette annonce, faite par le repr\u00e9sentant sp\u00e9cial de Vladimir Poutine \u00e0 l\u2019agence Ria Novosti, confirme une \u00e9volution amorc\u00e9e depuis plusieurs mois.<br \/>Symboliquement, le drapeau blanc et noir des talibans flotte d\u00e9sormais sur l\u2019ambassade d\u2019Afghanistan \u00e0 Moscou.\u00a0<\/p>\n<p><strong>Un soutien salu\u00e9 \u00e0 Kaboul<\/strong><\/p>\n<p>Depuis la prise de pouvoir des <strong>Talibans<\/strong> en 2021, aucun pays n\u2019avait encore reconnu officiellement leur r\u00e9gime. La<strong> Russie<\/strong> est donc aujourd\u2019hui le premier \u00c9tat \u00e0 franchir ce pas. Lors d\u2019une rencontre avec l\u2019ambassadeur russe, le ministre afghan des Affaires \u00e9trang\u00e8res, Amir Khan Muttaqi, a qualifi\u00e9 cette d\u00e9cision de \u00ab\u00a0courageuse\u00a0\u00bb et esp\u00e8re qu\u2019elle servira d\u2019exemple \u00e0 d\u2019autres nations. Pour les Talibans, ce soutien ouvre une porte vers une l\u00e9gitimation progressive sur la sc\u00e8ne internationale.<\/p>\n<p><strong>Une coop\u00e9ration bilat\u00e9rale en ligne de mire<\/strong><\/p>\n<p><strong>Moscou<\/strong> ne cache pas\u00a0ses ambitions \u00e9conomiques dans ce rapprochement. Le minist\u00e8re russe des Affaires \u00e9trang\u00e8res a mis en avant les opportunit\u00e9s\u00a0dans les secteurs de l\u2019\u00e9nergie, des transports et de l\u2019agriculture.\u00a0L\u2019<strong>Afghanistan<\/strong> repr\u00e9sente pour la <strong>Russie <\/strong>un partenaire potentiel dans des projets d\u2019infrastructures. \u00c0 travers cette reconnaissance, les deux pays esp\u00e8rent d\u00e9velopper des \u00e9changes stables, loin des tensions internationales qui entourent encore le <strong>r\u00e9gime taliban<\/strong>.<\/p>\n<p><strong>Un signal politique fort envoy\u00e9 au monde<\/strong><\/p>\n<p>Cette d\u00e9cision intervient peu apr\u00e8s le retrait des<strong> Talibans <\/strong>de la liste russe des organisations terroristes, valid\u00e9 par la Cour supr\u00eame russe. Moscou cherche ainsi \u00e0 devancer les pays occidentaux et \u00e0 \u00e9tendre son influence\u00a0dans une r\u00e9gion strat\u00e9gique. Au-del\u00e0 de la coop\u00e9ration \u00e9conomique, la<strong> Russie<\/strong> entend accompagner l\u2019<strong>Afghanistan<\/strong> dans la lutte contre le terrorisme et le trafic de drogue. Des domaines comme l\u2019\u00e9ducation, le sport et la culture ont \u00e9t\u00e9 \u00e9galement \u00e9voqu\u00e9s, dessinant les contours d\u2019un partenariat durable.\u00a0<\/p>\n<p>Sources\u00a0: RTL, Le Figaro\u00a0<\/p>\n<p>Suivez l\u2019<a href=\"https:\/\/www.linfo.re\/monde\/\" target=\"_blank\" rel=\"noopener\"><strong>actualit\u00e9 dans le monde<\/strong><\/a> sur Linfo.re<\/p>\n","protected":false},"excerpt":{"rendered":"Pour la premi\u00e8re fois, un pays membre du Conseil de s\u00e9curit\u00e9 de l\u2019ONU reconna\u00eet officiellement le r\u00e9gime taliban&hellip;\n","protected":false},"author":2,"featured_media":224762,"comment_status":"","ping_status":"","sticky":false,"template":"","format":"standard","meta":{"footnotes":""},"categories":[1591],"tags":[47,11,598,674,1887,1922,74,12,1885,1886,132,19982],"class_list":{"0":"post-224761","1":"post","2":"type-post","3":"status-publish","4":"format-standard","5":"has-post-thumbnail","7":"category-russie","8":"tag-actualite","9":"tag-actualites","10":"tag-afghanistan","11":"tag-europe","12":"tag-federation-de-russie","13":"tag-info","14":"tag-monde","15":"tag-news","16":"tag-russia","17":"tag-russian-federation","18":"tag-russie","19":"tag-talibans"},"share_on_mastodon":{"url":"https:\/\/pubeurope.com\/@fr\/114793045301790270","error":""},"_links":{"self":[{"href":"https:\/\/www.europesays.com\/fr\/wp-json\/wp\/v2\/posts\/224761","targetHints":{"allow":["GET"]}}],"collection":[{"href":"https:\/\/www.europesays.com\/fr\/wp-json\/wp\/v2\/posts"}],"about":[{"href":"https:\/\/www.europesays.com\/fr\/wp-json\/wp\/v2\/types\/post"}],"author":[{"embeddable":true,"href":"https:\/\/www.europesays.com\/fr\/wp-json\/wp\/v2\/users\/2"}],"replies":[{"embeddable":true,"href":"https:\/\/www.europesays.com\/fr\/wp-json\/wp\/v2\/comments?post=224761"}],"version-history":[{"count":0,"href":"https:\/\/www.europesays.com\/fr\/wp-json\/wp\/v2\/posts\/224761\/revisions"}],"wp:featuredmedia":[{"embeddable":true,"href":"https:\/\/www.europesays.com\/fr\/wp-json\/wp\/v2\/media\/224762"}],"wp:attachment":[{"href":"https:\/\/www.europesays.com\/fr\/wp-json\/wp\/v2\/media?parent=224761"}],"wp:term":[{"taxonomy":"category","embeddable":true,"href":"https:\/\/www.europesays.com\/fr\/wp-json\/wp\/v2\/categories?post=224761"},{"taxonomy":"post_tag","embeddable":true,"href":"https:\/\/www.europesays.com\/fr\/wp-json\/wp\/v2\/tags?post=224761"}],"curies":[{"name":"wp","href":"https:\/\/api.w.org\/{rel}","templated":true}]}}