{"id":224776,"date":"2025-07-04T04:27:15","date_gmt":"2025-07-04T04:27:15","guid":{"rendered":"https:\/\/www.europesays.com\/fr\/224776\/"},"modified":"2025-07-04T04:27:15","modified_gmt":"2025-07-04T04:27:15","slug":"le-ps-se-divise-sur-le-projet-dunion-a-gauche-pour-2027-moins-de-24-heures-apres-un-premier-accord","status":"publish","type":"post","link":"https:\/\/www.europesays.com\/fr\/224776\/","title":{"rendered":"Le PS se divise sur le projet d\u2019union \u00e0 gauche pour 2027, moins de 24\u00a0heures apr\u00e8s un premier accord"},"content":{"rendered":"<p>        <img decoding=\"async\" loading=\"lazy\" src=\"https:\/\/www.europesays.com\/fr\/wp-content\/uploads\/2025\/07\/1dad14c_upload-1-oitnkvcivqi6-000-43vy6q3.jpg\"  width=\"728\" height=\"410\" alt=\"\u00c0 peine dessin\u00e9, le projet d\u2019union \u00e0 gauche pour 2027 provoque des remous au PS\"\/>  <\/p>\n<p>THOMAS SAMSON \/ AFP<\/p>\n<p>\u00c0 peine dessin\u00e9, le projet d\u2019union \u00e0 gauche pour 2027 provoque des remous au PS<\/p>\n<p class=\"asset asset-text\">POLITIQUE &#8211; Affront populaire. Le Parti socialiste se divise d\u00e9j\u00e0 sur le processus d\u2019union port\u00e9 par leur premier secr\u00e9taire <a href=\"https:\/\/www.huffingtonpost.fr\/politique\/article\/avec-sa-motion-de-censure-le-ps-opte-pour-la-confrontation-frontale-avec-francois-bayrou_252010.html\" rel=\"nofollow noopener\" target=\"_blank\">Olivier Faure<\/a>, mercredi 2\u00a0juillet, aux c\u00f4t\u00e9s de plusieurs autres personnalit\u00e9s chantres d\u2019une candidature commune \u00e0 la <a href=\"https:\/\/www.huffingtonpost.fr\/politique\/article\/marine-le-pen-a-integre-l-hypothese-de-ne-pas-pouvoir-se-representer-a-la-presidentielle_251813.html\" rel=\"nofollow noopener\" target=\"_blank\">prochaine pr\u00e9sidentielle.<\/a><\/p>\n<p class=\"asset asset-text\">Pour cause\u00a0: le d\u00e9put\u00e9 de Seine-et-Marne, qui a fait campagne chez les roses sur la promesse d\u2019une plateforme commune allant de \u00ab\u00a0Glucksmann \u00e0 Ruffin\u00a0\u00bb (et donc sans <a href=\"https:\/\/www.huffingtonpost.fr\/politique\/article\/lfi-prend-ses-distances-avec-sebastien-delogu-apres-ses-propos-en-algerie_252086.html\" rel=\"nofollow noopener\" target=\"_blank\">la France insoumise<\/a>) s\u2019engage dans une d\u00e9marche qui ouvre en th\u00e9orie la porte aux m\u00e9lenchonistes. Insupportable pour ses anciens opposants.<\/p>\n<p class=\"asset asset-text\">Le courant de Nicolas Mayer-Rossignol (agr\u00e9gat de toutes les tendances qui s\u2019opposent \u00e0 Olivier Faure) estime effectivement que leur num\u00e9ro\u00a01\u00a0n\u2019avait \u00ab\u00a0aucun mandat pr\u00e9alable\u00a0\u00bb pour mener ses discussions. Encore moins pour toper avec Lucie Castets, Marine Tondelier et consorts sur les contours que ce rassemblement doit prendre.<\/p>\n<p>    <strong>\u00ab\u00a0La porte est toujours ouverte \u00e0 toutes les forces de gauche\u00a0\u00bb<\/strong>    <\/p>\n<p class=\"asset asset-text\">\u00ab\u00a0Tant sur le cadre qui reste ouvert \u00e0 LFI que sur le calendrier pour d\u00e9cider du mode de d\u00e9signation d\u2019un candidat commun de la Gauche aux pr\u00e9sidentielles en pleine campagne des municipales, cet accord n\u2019est conforme \u00e0 aucun texte d\u2019orientation vot\u00e9 au Congr\u00e8s\u00a0\u00bb, pr\u00e9cise encore le collectif qui a recueilli un peu moins de la moiti\u00e9 des votes ce printemps.<\/p>\n<p> La lecture de ce contenu est susceptible d\u2019entra\u00eener un d\u00e9p\u00f4t de cookies de la part de l\u2019op\u00e9rateur tiers qui l\u2019h\u00e9berge. Compte-tenu des choix que vous avez exprim\u00e9s en mati\u00e8re de d\u00e9p\u00f4t de cookies, nous avons bloqu\u00e9 l\u2019affichage de ce contenu. Si vous souhaitez y acc\u00e9der, vous devez accepter la cat\u00e9gorie de cookies \u201cContenus tiers\u201d en cliquant sur le bouton ci-dessous. <\/p>\n<p> Lire la Vid\u00e9o        <\/p>\n<p class=\"asset asset-text\">C\u2019est un fait\u00a0: les trois candidats \u00e0 la t\u00eate du PS, <a href=\"https:\/\/www.huffingtonpost.fr\/politique\/article\/parti-socialiste-finalement-boris-vallaud-a-choisi-entre-olivier-faure-et-nicolas-mayer-rossignol_250774.html\" rel=\"nofollow noopener\" target=\"_blank\">Boris Vallaud, Nicolas Mayer Rossignol et donc Olivier Faure<\/a>, ont tous promis aux adh\u00e9rents de ne pas frayer avec la France insoumise lors de la prochaine \u00e9ch\u00e9ance pr\u00e9sidentielle. Ils se sont pr\u00e9cis\u00e9ment engag\u00e9s \u00e0 travailler sur un projet d\u2019union avec l\u2019ensemble des forces hors-LFI.<\/p>\n<p class=\"asset asset-text\">Or, le mouvement lanc\u00e9 mercredi soir \u00e0 Bagneux par Lucie Castets, la cheffe des \u00e9cologistes et son homologue au PS, mais \u00e9galement plusieurs personnalit\u00e9s satellites comme Fran\u00e7ois Ruffin, n\u2019exclut nullement le mouvement de gauche radicale, au centre des enjeux \u00e0 gauche depuis des mois. Pour l\u2019instant en tout cas.<\/p>\n<p class=\"asset asset-text\">\u00ab\u00a0La porte est toujours ouverte \u00e0 toutes les forces de gauche ou qui se reconnaissent comme tel\u00a0\u00bb, a ainsi expliqu\u00e9 l\u2019ancienne candidate du NFP \u00e0 Matignon devant la presse, avant qu\u2019Olivier Faure explique n\u2019avoir \u00ab\u00a0aucun probl\u00e8me \u00e0 accueillir toutes celles et ceux qui le souhaitent \u00e0 gauche sur la base de notre projet.\u00a0\u00bb M\u00eame la France insoumise\u00a0?<\/p>\n<p class=\"asset asset-text\">Dans les faits, la probabilit\u00e9 de voir le mouvement fond\u00e9 par Jean-Luc M\u00e9lenchon rejoindre la marche unioniste est quasi nulle. Lui, comme Rapha\u00ebl Glucksmann de l\u2019autre c\u00f4t\u00e9 de la gauche, sont tent\u00e9s par une aventure solitaire pour imposer in fine un vote utile autour de leurs personnalit\u00e9s. Mais pour les unionistes, l\u2019essentiel n\u2019est pas l\u00e0\u00a0: ouvrir soigneusement la porte aux autres permet, comme le disait <a href=\"https:\/\/www.huffingtonpost.fr\/politique\/article\/une-grande-primaire-a-gauche-pour-2027-yannick-jadot-n-est-pas-d-accord-avec-marine-tondelier_251515.html\" rel=\"nofollow noopener\" target=\"_blank\">Yannick Jadot il y a peu en se r\u00e9f\u00e9rant \u00e0 sa propre course pr\u00e9sidentielle en 2022,<\/a> de \u00ab\u00a0faire porter le mistigri de la division\u00a0\u00bb aux autres. Quitte \u00e0 multiplier les contorsions. Et \u00e0 diviser les partis qui veulent r\u00e9ellement l\u2019union\u00a0?<\/p>\n<p class=\"asset asset-text\">Le courant de Nicolas Mayer-Rossignol, accusant Olivier Faure de premiers reniements, r\u00e9clame un vote lors d\u2019une prochaine r\u00e9union de l\u2019\u00e9tat-major socialiste. Pour valider, ou non, la d\u00e9marche de leur chef.<\/p>\n","protected":false},"excerpt":{"rendered":"THOMAS SAMSON \/ AFP \u00c0 peine dessin\u00e9, le projet d\u2019union \u00e0 gauche pour 2027 provoque des remous au&hellip;\n","protected":false},"author":2,"featured_media":224777,"comment_status":"","ping_status":"","sticky":false,"template":"","format":"standard","meta":{"footnotes":""},"categories":[2],"tags":[11,1011,27,2383,1023,12,4484,316,26338,25],"class_list":{"0":"post-224776","1":"post","2":"type-post","3":"status-publish","4":"format-standard","5":"has-post-thumbnail","7":"category-actualites","8":"tag-actualites","9":"tag-fr","10":"tag-france","11":"tag-gauche","12":"tag-la-france-insoumise-lfi","13":"tag-news","14":"tag-parti-socialiste-ps","15":"tag-politique","16":"tag-presidentielle-2027","17":"tag-republique-francaise"},"share_on_mastodon":{"url":"https:\/\/pubeurope.com\/@fr\/114793076811793066","error":""},"_links":{"self":[{"href":"https:\/\/www.europesays.com\/fr\/wp-json\/wp\/v2\/posts\/224776","targetHints":{"allow":["GET"]}}],"collection":[{"href":"https:\/\/www.europesays.com\/fr\/wp-json\/wp\/v2\/posts"}],"about":[{"href":"https:\/\/www.europesays.com\/fr\/wp-json\/wp\/v2\/types\/post"}],"author":[{"embeddable":true,"href":"https:\/\/www.europesays.com\/fr\/wp-json\/wp\/v2\/users\/2"}],"replies":[{"embeddable":true,"href":"https:\/\/www.europesays.com\/fr\/wp-json\/wp\/v2\/comments?post=224776"}],"version-history":[{"count":0,"href":"https:\/\/www.europesays.com\/fr\/wp-json\/wp\/v2\/posts\/224776\/revisions"}],"wp:featuredmedia":[{"embeddable":true,"href":"https:\/\/www.europesays.com\/fr\/wp-json\/wp\/v2\/media\/224777"}],"wp:attachment":[{"href":"https:\/\/www.europesays.com\/fr\/wp-json\/wp\/v2\/media?parent=224776"}],"wp:term":[{"taxonomy":"category","embeddable":true,"href":"https:\/\/www.europesays.com\/fr\/wp-json\/wp\/v2\/categories?post=224776"},{"taxonomy":"post_tag","embeddable":true,"href":"https:\/\/www.europesays.com\/fr\/wp-json\/wp\/v2\/tags?post=224776"}],"curies":[{"name":"wp","href":"https:\/\/api.w.org\/{rel}","templated":true}]}}