{"id":224780,"date":"2025-07-04T04:31:12","date_gmt":"2025-07-04T04:31:12","guid":{"rendered":"https:\/\/www.europesays.com\/fr\/224780\/"},"modified":"2025-07-04T04:31:12","modified_gmt":"2025-07-04T04:31:12","slug":"transferts-top-14-lubb-officialise-le-retour-de-cameron-woki-deux-ans-apres-son-depart","status":"publish","type":"post","link":"https:\/\/www.europesays.com\/fr\/224780\/","title":{"rendered":"Transferts. Top 14 &#8211; L&rsquo;UBB officialise le retour de Cameron Woki, deux ans apr\u00e8s son d\u00e9part"},"content":{"rendered":"<p>\n                L&rsquo;Union Bordeaux-B\u00e8gles a officialis\u00e9 sur ses r\u00e9seaux sociaux le retour du deuxi\u00e8me ou troisi\u00e8me ligne Cameron Woki (26 ans, 31 s\u00e9lections). Le joueur form\u00e9 \u00e0 Massy avait pass\u00e9 cinq ans au sein du club girondin avant de partir du c\u00f4t\u00e9 du Racing 92 en 2022.\n            <\/p>\n<p>Cameron Woki est de nouveau Bordelo-B\u00e9glais ! L&rsquo;ancien chouchou de Chaban-Delmas est officiellement de retour au club, deux ans apr\u00e8s un d\u00e9part qui avait fait couler beaucoup d&rsquo;encre. Alors qu&rsquo;il avait pass\u00e9 cinq saisons au sein du club qui l&rsquo;avait lanc\u00e9 en professionnel, Woki avait annonc\u00e9 sa volont\u00e9 de d\u00e9part \u00e0 la fin de la saison 2021-2022, <strong><a href=\"https:\/\/www.rugbyrama.fr\/rugby\/top-14\/2021-2022\/top-14-matthieu-jalibert-et-cameron-woki-je-ne-les-vois-pas-urios-cible-ses-cadres-apres-la-defaite_sto8979863\/story.shtml\" target=\"_self\" rel=\"nofollow noopener\">marqu\u00e9e notamment par quelques frictions publiques avec le manager de l&rsquo;\u00e9poque<\/a><\/strong>, Christophe Urios. Son contrat avait alors \u00e9t\u00e9 rachet\u00e9 par le Racing 92 mais l&rsquo;international fran\u00e7ais n&rsquo;a jamais vraiment r\u00e9ussi \u00e0 retrouver son niveau d&rsquo;autrefois \u00e0 Nanterre.\u00a0<\/p>\n<blockquote data-instgrm-captioned=\"\" data-instgrm-permalink=\"https:\/\/www.instagram.com\/p\/DLpfaoaqsup\/?utm_source=ig_embed&amp;utm_campaign=loading\" data-instgrm-version=\"14\" style=\" background:#FFF; border:0; border-radius:3px; box-shadow:0 0 1px 0 rgba(0,0,0,0.5),0 1px 10px 0 rgba(0,0,0,0.15); margin: 1px; max-width:540px; min-width:326px; padding:0; width:99.375%; width:-webkit-calc(100% - 2px); width:calc(100% - 2px);\" data-class=\"instagram-media\"\/>\n<p>Jusqu&rsquo;en 2028<\/p>\n<p>Apr\u00e8s la saison tr\u00e8s compliqu\u00e9e des Ciel et Blanc, qui ont lutt\u00e9 pour leur maintien dans l&rsquo;\u00e9lite, Woki a finalement pris la d\u00e9cision de revenir en Gironde. L&rsquo;UBB a annonc\u00e9 officiellement le retour du troisi\u00e8me ligne, qui s&rsquo;est engag\u00e9 jusqu&rsquo;en 2028.\u00a0Chez les champions d&rsquo;Europe, Woki aura comme mission de remplacer notamment Guido Petti, capitaine de touche au profil similaire, qui s&rsquo;envole cet \u00e9t\u00e9 chez les Harlequins. En attendant son arriv\u00e9e, Woki est actuellement en Nouvelle-Z\u00e9lande avec l&rsquo;\u00e9quipe de France. <strong><a href=\"https:\/\/www.rugbyrama.fr\/2025\/07\/03\/ne-pas-publier-tournee-en-nouvelle-zelande-la-compo-du-xv-de-france-georgi-beria-titulaire-tom-spring-et-gabin-villiere-aux-ailes-12802033.php\" target=\"_self\" rel=\"nofollow noopener\">Il sera d&rsquo;ailleurs rempla\u00e7ant pour le premier match<\/a><\/strong> de la tourn\u00e9e d&rsquo;\u00e9t\u00e9, \u00e0 Dunedin.<\/p>\n<p>Le d\u00e9sormais ancien racingman est la neuvi\u00e8me recrue officielle de l&rsquo;UBB, apr\u00e8s Xan Mousqu\u00e8s, Martin Page-Relo, Ga\u00ebtan Barlot, Jean-Luc du Preez, Louis Mary, Salesi Rayasi, Boris Palu et Valentin Hutteau.<\/p>\n<p>                    <script async src=\"\/\/www.instagram.com\/embed.js\"><\/script><\/p>\n","protected":false},"excerpt":{"rendered":"L&rsquo;Union Bordeaux-B\u00e8gles a officialis\u00e9 sur ses r\u00e9seaux sociaux le retour du deuxi\u00e8me ou troisi\u00e8me ligne Cameron Woki (26&hellip;\n","protected":false},"author":2,"featured_media":224781,"comment_status":"","ping_status":"","sticky":false,"template":"","format":"standard","meta":{"footnotes":""},"categories":[1416],"tags":[1011,27,479,1468,60],"class_list":{"0":"post-224780","1":"post","2":"type-post","3":"status-publish","4":"format-standard","5":"has-post-thumbnail","7":"category-rugby","8":"tag-fr","9":"tag-france","10":"tag-rugby","11":"tag-rugby-football","12":"tag-sports"},"share_on_mastodon":{"url":"https:\/\/pubeurope.com\/@fr\/114793092404441678","error":""},"_links":{"self":[{"href":"https:\/\/www.europesays.com\/fr\/wp-json\/wp\/v2\/posts\/224780","targetHints":{"allow":["GET"]}}],"collection":[{"href":"https:\/\/www.europesays.com\/fr\/wp-json\/wp\/v2\/posts"}],"about":[{"href":"https:\/\/www.europesays.com\/fr\/wp-json\/wp\/v2\/types\/post"}],"author":[{"embeddable":true,"href":"https:\/\/www.europesays.com\/fr\/wp-json\/wp\/v2\/users\/2"}],"replies":[{"embeddable":true,"href":"https:\/\/www.europesays.com\/fr\/wp-json\/wp\/v2\/comments?post=224780"}],"version-history":[{"count":0,"href":"https:\/\/www.europesays.com\/fr\/wp-json\/wp\/v2\/posts\/224780\/revisions"}],"wp:featuredmedia":[{"embeddable":true,"href":"https:\/\/www.europesays.com\/fr\/wp-json\/wp\/v2\/media\/224781"}],"wp:attachment":[{"href":"https:\/\/www.europesays.com\/fr\/wp-json\/wp\/v2\/media?parent=224780"}],"wp:term":[{"taxonomy":"category","embeddable":true,"href":"https:\/\/www.europesays.com\/fr\/wp-json\/wp\/v2\/categories?post=224780"},{"taxonomy":"post_tag","embeddable":true,"href":"https:\/\/www.europesays.com\/fr\/wp-json\/wp\/v2\/tags?post=224780"}],"curies":[{"name":"wp","href":"https:\/\/api.w.org\/{rel}","templated":true}]}}