{"id":224782,"date":"2025-07-04T04:32:11","date_gmt":"2025-07-04T04:32:11","guid":{"rendered":"https:\/\/www.europesays.com\/fr\/224782\/"},"modified":"2025-07-04T04:32:11","modified_gmt":"2025-07-04T04:32:11","slug":"djokovic-et-sinner-expeditifs-swiatek-en-deux-temps","status":"publish","type":"post","link":"https:\/\/www.europesays.com\/fr\/224782\/","title":{"rendered":"Djokovic et Sinner exp\u00e9ditifs, Swiatek en deux temps"},"content":{"rendered":"<p class=\"mb-4 text-lg md:leading-8 break-words\">Le septuple laur\u00e9at Novak Djokovic et le N.1 mondial Jannik Sinner ont ralli\u00e9 le troisi\u00e8me tour apr\u00e8s une promenade de sant\u00e9 sur le Central de Wimbledon, jeudi contre des modestes adversaires, Daniel Evans (154e) et Aleksandar Vukic (93e).<\/p>\n<p class=\"mb-4 text-lg md:leading-8 break-words\">La Polonaise Iga Swiatek, une des favorites d&rsquo;un tableau f\u00e9minin tr\u00e8s ouvert, a conc\u00e9d\u00e9 la premi\u00e8re manche avant de bien r\u00e9agir face \u00e0 l&rsquo;Am\u00e9ricaine Caty McNally, ex-N.11 retomb\u00e9e au 208e rang.<\/p>\n<p class=\"mb-4 text-lg md:leading-8 break-words\">Le Fran\u00e7ais Ga\u00ebl Monfils (48e), joueur le plus \u00e2g\u00e9 du tableau, a lui \u00e9t\u00e9 pouss\u00e9 au cinqui\u00e8me set par le Hongrois Marton Fucsovics (105e) juste avant l&rsquo;interruption du match en raison de la luminosit\u00e9 d\u00e9clinante.<\/p>\n<p class=\"mb-4 text-lg md:leading-8 break-words\">Le gagnant de ce match rencontrera le vainqueur de celui opposant l&rsquo;Am\u00e9ricain Ben Shelton (10e) \u00e0 son compatriote Rinky Hijikata, \u00e9galement interrompu alors que le premier, qui menait 6-2, 7-5, 5-4, s&rsquo;appr\u00eatait \u00e0 servir pour le gain de la partie.<\/p>\n<p class=\"mb-4 text-lg md:leading-8 break-words\">&#8211; Sinner et \u00ab\u00a0Djoko\u00a0\u00bb au pas de course &#8211;<\/p>\n<p class=\"mb-4 text-lg md:leading-8 break-words\">L&rsquo;Italien Jannik Sinner n&rsquo;a abandonn\u00e9 que cinq jeux face \u00e0 l&rsquo;Australien Aleksandar Vukic (93e), emport\u00e9 6-1, 6-1, 6-3 en une heure et quarante minutes.<\/p>\n<p class=\"mb-4 text-lg md:leading-8 break-words\">Le public du court central a \u00e9t\u00e9 tr\u00e8s rapidement priv\u00e9 de tout suspense. Il ne s&rsquo;est r\u00e9veill\u00e9 qu&rsquo;en toute fin de partie quand Vukic a \u00e9cart\u00e9 de multiples balles de match, avant de s&rsquo;incliner sous les applaudissements.<\/p>\n<p class=\"mb-4 text-lg md:leading-8 break-words\">Sinner, r\u00e9cent finaliste de Roland-Garros, poursuivra sa qu\u00eate d&rsquo;un premier titre sur l&rsquo;herbe de Wimbledon face \u00e0 l&rsquo;Espagnol Pedro Martinez (52e).<\/p>\n<p class=\"mb-4 text-lg md:leading-8 break-words\">Novak Djokovic n&rsquo;a pas tra\u00een\u00e9 non plus contre Dan Evans (6-3, 6-2, 6-0). Le N.6 mondial affrontera au troisi\u00e8me tour son compatriote serbe Miomir Kecmanovic (49e), tombeur du N\u00e9erlandais Jesper de Jong en quatre manches.<\/p>\n<p class=\"mb-4 text-lg md:leading-8 break-words\">C&rsquo;est la 99e victoire \u00e0 Wimbledon pour Djokovic, laur\u00e9at \u00e0 sept reprises de l&rsquo;historique lev\u00e9e britannique du Grand Chelem et d\u00e9fait ici-m\u00eame l&rsquo;an dernier en finale par l&rsquo;Espagnol Carlos Alcaraz.<\/p>\n<p class=\"mb-4 text-lg md:leading-8 break-words\">Sur le chemin d&rsquo;un vingt-cinqui\u00e8me titre en Grand Chelem, le Serbe de 38 ans n&rsquo;a fait qu&rsquo;une bouch\u00e9e de son adversaire britannique, aval\u00e9 en 1h47. Avant ce jeudi, Evans avait pourtant gagn\u00e9 la seule confrontation face \u00e0 l&rsquo;homme aux 100 titres ATP, \u00e0 Monte-Carlo en 2021.<\/p>\n<p class=\"mb-4 text-lg md:leading-8 break-words\">Mais cette fois, \u00ab\u00a0Djoko\u00a0\u00bb a \u00e9t\u00e9 intraitable, du d\u00e9but \u00e0 la fin, d&rsquo;une efficacit\u00e9 clinique (46 coups gagnants, 11 aces) et quasiment intouchable sur ses premiers services (89% de points gagn\u00e9s). Evans a d\u00fb attendre le dernier jeu pour avoir ses deux premi\u00e8res balles de break, vite \u00e9cart\u00e9es par le Serbee.<\/p>\n<p class=\"mb-4 text-lg md:leading-8 break-words\">\u00ab\u00a0Je ne voulais absolument pas laisser \u00e0 Dan la moindre chance de revenir dans le match. J&rsquo;ai essay\u00e9 de le mettre sous pression constamment depuis le fond du court. J&rsquo;ai tr\u00e8s bien servi, avec beaucoup de pr\u00e9cision\u00a0\u00bb, s&rsquo;est f\u00e9licit\u00e9 Djokovic, \u00ab\u00a0en tr\u00e8s bonne forme\u00a0\u00bb physique.<\/p>\n<p class=\"mb-4 text-lg md:leading-8 break-words\">A noter, parmi les surprises de la journ\u00e9e, l&rsquo;\u00e9limination de l&rsquo;Anglais Jack Draper, quatri\u00e8me mondial \u00e0 23 ans, foudroy\u00e9 en quatre manches par le Croate Marin Cilic, ex-N.3 de 36 ans redescendu au 83 rangs apr\u00e8s plusieurs blessures.<\/p>\n<p class=\"mb-4 text-lg md:leading-8 break-words\">\u00ab\u00a0C&rsquo;est probablement l&rsquo;une des d\u00e9faites les plus difficiles que j&rsquo;ai eues\u00a0\u00bb, a reconnu le Britannique, \u00ab\u00a0tr\u00e8s frustr\u00e9 et contrari\u00e9\u00a0\u00bb m\u00eame si Cilic a fait \u00ab\u00a0un match incroyable\u00a0\u00bb.<\/p>\n<p class=\"mb-4 text-lg md:leading-8 break-words\">&#8211; Swiatek et Krejcikova \u00e0 r\u00e9action &#8211;<\/p>\n<p class=\"mb-4 text-lg md:leading-8 break-words\">Dans le tableau f\u00e9minin, la Polonaise Iga Swiatek, 4e joueuse mondiale, n&rsquo;a pas trembl\u00e9 face \u00e0 l&rsquo;Am\u00e9ricaine Caty McNally.<\/p>\n<p class=\"mb-4 text-lg md:leading-8 break-words\">A la diff\u00e9rence de la finaliste sortante, l&rsquo;Italienne Jasmine Paolini, battue mercredi, et des autres membres du top 10 \u00e9limin\u00e9es pr\u00e9matur\u00e9ment (Gauff, Pegula, Qinwen et Badosa), Swiatek a r\u00e9pondu pr\u00e9sent &#8211; apr\u00e8s un d\u00e9part poussif cependant.<\/p>\n<p class=\"mb-4 text-lg md:leading-8 break-words\">Apr\u00e8s avoir l\u00e2ch\u00e9 le premier set 5-7, elle a d\u00e9roul\u00e9 lors des suivants 6-2, 6-1, ne laissant plus que des miettes \u00e0 l&rsquo;Am\u00e9ricaine et concluant sur son cinqui\u00e8me ace en 2h25.<\/p>\n<p class=\"mb-4 text-lg md:leading-8 break-words\">Plus \u00e0 l&rsquo;aise sur terre battue, Swiatek a pour meilleur r\u00e9sultat un quart-de-finale \u00e0 Wimbledon, en 2023.\u00a0L&rsquo;ex patronne du circuit WTA, victorieuse quatre fois \u00e0 Roland-Garros (2020, 2022, 2023, 2024) et une fois \u00e0 l&rsquo;US Open (2022), affrontera au troisi\u00e8me tour une autre Am\u00e9ricaine, Danielle Collins (54e).<\/p>\n<p class=\"mb-4 text-lg md:leading-8 break-words\">La tenante du titre Barbora Krejcikova a elle aussi eu besoin de trois manches pour s&rsquo;imposer. La Tch\u00e8que de 29 ans a domin\u00e9 l&rsquo;Am\u00e9ricaine Caroline Dolehide 6-4, 3-6, 6-2.<\/p>\n<p class=\"mb-4 text-lg md:leading-8 break-words\">Les t\u00eates de s\u00e9rie russe Mirra Andreeva (N.7) et am\u00e9ricaine Emma Navarro (N.10) ont elles fait le travail en deux sets, respectivement contre l&rsquo;Italienne Lucia Bronzetti et la Russe Veronika Kudermetova.<\/p>\n<p class=\"mb-4 text-lg md:leading-8 break-words\">ole\/jta\/chc<\/p>\n","protected":false},"excerpt":{"rendered":"Le septuple laur\u00e9at Novak Djokovic et le N.1 mondial Jannik Sinner ont ralli\u00e9 le troisi\u00e8me tour apr\u00e8s une&hellip;\n","protected":false},"author":2,"featured_media":224783,"comment_status":"","ping_status":"","sticky":false,"template":"","format":"standard","meta":{"footnotes":""},"categories":[1415],"tags":[36369,36370,1011,27,20859,6433,60,11800,1467,4173],"class_list":{"0":"post-224782","1":"post","2":"type-post","3":"status-publish","4":"format-standard","5":"has-post-thumbnail","7":"category-tennis","8":"tag-aleksandar-vukic","9":"tag-daniel-evans","10":"tag-fr","11":"tag-france","12":"tag-jannik-sinner","13":"tag-novak-djokovic","14":"tag-sports","15":"tag-swiatek","16":"tag-tennis","17":"tag-wimbledon"},"share_on_mastodon":{"url":"https:\/\/pubeurope.com\/@fr\/114793096362161218","error":""},"_links":{"self":[{"href":"https:\/\/www.europesays.com\/fr\/wp-json\/wp\/v2\/posts\/224782","targetHints":{"allow":["GET"]}}],"collection":[{"href":"https:\/\/www.europesays.com\/fr\/wp-json\/wp\/v2\/posts"}],"about":[{"href":"https:\/\/www.europesays.com\/fr\/wp-json\/wp\/v2\/types\/post"}],"author":[{"embeddable":true,"href":"https:\/\/www.europesays.com\/fr\/wp-json\/wp\/v2\/users\/2"}],"replies":[{"embeddable":true,"href":"https:\/\/www.europesays.com\/fr\/wp-json\/wp\/v2\/comments?post=224782"}],"version-history":[{"count":0,"href":"https:\/\/www.europesays.com\/fr\/wp-json\/wp\/v2\/posts\/224782\/revisions"}],"wp:featuredmedia":[{"embeddable":true,"href":"https:\/\/www.europesays.com\/fr\/wp-json\/wp\/v2\/media\/224783"}],"wp:attachment":[{"href":"https:\/\/www.europesays.com\/fr\/wp-json\/wp\/v2\/media?parent=224782"}],"wp:term":[{"taxonomy":"category","embeddable":true,"href":"https:\/\/www.europesays.com\/fr\/wp-json\/wp\/v2\/categories?post=224782"},{"taxonomy":"post_tag","embeddable":true,"href":"https:\/\/www.europesays.com\/fr\/wp-json\/wp\/v2\/tags?post=224782"}],"curies":[{"name":"wp","href":"https:\/\/api.w.org\/{rel}","templated":true}]}}