{"id":224791,"date":"2025-07-04T04:38:09","date_gmt":"2025-07-04T04:38:09","guid":{"rendered":"https:\/\/www.europesays.com\/fr\/224791\/"},"modified":"2025-07-04T04:38:09","modified_gmt":"2025-07-04T04:38:09","slug":"elle-faisait-pipi-dans-le-seau-a-champagne-genevieve-de-fontenay-ravivee-par-une-ex-miss-france-avec-une-anecdote-wtf","status":"publish","type":"post","link":"https:\/\/www.europesays.com\/fr\/224791\/","title":{"rendered":"\u201cElle faisait pipi dans le seau \u00e0 champagne\u201d : Genevi\u00e8ve de Fontenay raviv\u00e9e par une ex-miss France avec une anecdote WTF"},"content":{"rendered":"<p>Comme chaque soir, <strong>C \u00e0 vous<\/strong>, sur<br \/>\nFrance 5, a re\u00e7u son lot d\u2019invit\u00e9s, ce jeudi 3 juillet.<br \/>\n<strong>Kev Adams<\/strong> et <strong>Micha\u00ebl Youn<\/strong> \u00e9taient<br \/>\nvenus pour la promotion du film Certains l\u2019aiment chauve,<br \/>\npr\u00e9vu en salle, le 16 juillet prochain. St\u00e9phane Marie \u00e9tait<br \/>\n\u00e9galement l\u2019invit\u00e9 d\u2019<strong>Anne-Elisabeth Lemoine<\/strong> pour<br \/>\nle livre Ma France des jardins.<\/p>\n<p><a href=\"https:\/\/www.closermag.fr\/people\/tombee-dans-une-spirale-rachel-legrain-trapani-revient-sur-son-divorce-brutal-avec-le-footballeur-aurelien-capoue-3559469\" rel=\"nofollow noopener\" target=\"_blank\"><br \/>\nRachel Legrain-Trapani<\/a>, l\u2019ex Miss France, \u00e9tait \u00e9galement<br \/>\npr\u00e9sente sur le plateau de l\u2019\u00e9mission pour le spectacle<br \/>\n<strong>Pas si Miss que \u00e7a&#8230;<\/strong> Une \u0153uvre qui se<br \/>\njouera au th\u00e9\u00e2tre Com\u00e9die d\u2019Avignon, du 5 au 26 juillet 2025. Une<br \/>\noccasion pour celle qui a \u00e9t\u00e9 \u00e9lue <strong>Miss France<br \/>\n2007<\/strong> de raconter une anecdote \u00e9tonnante sur <a href=\"https:\/\/www.closermag.fr\/people\/genevieve-de-fontenay-decedee-avec-tres-peu-dargent-les-indiscretions-dun-proche-sur-ses-depenses-et-son-heritage-3450794\" rel=\"nofollow noopener\" target=\"_blank\"><br \/>\nGenevi\u00e8ve de Fontenay<\/a>.<\/p>\n<p>Genevi\u00e8ve de Fontenay : son astuce pour ne pas faire la queue<br \/>\naux toilettes<\/p>\n<p>Dans C \u00e0 vous, <strong>Rachel Legrain-Trapani<\/strong><br \/>\nest revenue sur une astuce de <strong>Genevi\u00e8ve de<br \/>\nFontenay<\/strong>. Une astuce sur l\u2019usage du seau \u00e0 champagne !<br \/>\nQualifi\u00e9e de \u00ab\u00a0tr\u00e8s pratique\u00a0\u00bb par la chroniqueuse, \u00c9milie<br \/>\nTran Nguyen, il s\u2019agit d\u2019utiliser le seau \u00e0 champagne comme pot de<br \/>\nchambre. \u00ab\u00a0En fait, elle faisait <strong>pipi dans le<br \/>\nseau \u00e0 champagne<\/strong>\u00ab\u00a0, a confi\u00e9 celle qui a \u00e9t\u00e9 \u00e9lue Miss<br \/>\nPicardie 2006.<\/p>\n<p>\u00ab\u00a0Mais n\u00a0\u00bbimporte o\u00f9 ? D\u00e8s qu&rsquo;il y avait un seau de champagne<br \/>\n?\u00a0\u00bb, avait alors blagu\u00e9 Anne-Elisabeth Lemoine. \u00ab\u00a0Surtout<br \/>\nquand on \u00e9tait <strong>\u00e0 des \u00e9lections<\/strong>\u00ab\u00a0, a<br \/>\nr\u00e9pondu Rachel Legrain-Trapani qui a expliqu\u00e9 que cette astuce<br \/>\navait permis \u00e0 Genevi\u00e8ve de Fontenay d\u2019<strong>\u00e9viter de faire la<br \/>\nqueue aux toilettes<\/strong>. \u00ab\u00a0Elle se mettait<br \/>\n<strong>derri\u00e8re les robes<\/strong> avec le seau \u00e0<br \/>\nchampagne et elle faisait pipi\u00a0\u00bb, a poursuivi la com\u00e9dienne et<br \/>\nanimatrice de t\u00e9l\u00e9vision. Etonnant\u2026<\/p>\n<blockquote class=\"twitter-tweet\"><p><a class=\"twitter-link\" rel=\"noindex, nofollow noopener\" href=\"https:\/\/twitter.com\/cavousf5\/status\/1940839211034194409\" target=\"_blank\"><\/p><\/blockquote>\n<p>C \u00e0 vous : Anne-Elisabeth Lemoine vis\u00e9e<br \/>\npar une plainte<\/p>\n<p>Cela survient apr\u00e8s que Courrier Cauchois ait r\u00e9v\u00e9l\u00e9<br \/>\nque <strong>Marine<\/strong>, la gagnante de la Star<br \/>\nAcademy, <strong>Anne-Elisabeth Lemoine<\/strong> et le<br \/>\nproducteur de C \u00e0 vous, sont <a href=\"https:\/\/www.telestar.fr\/actu_tv\/c-a-vous-anne-elisabeth-lemoine-et-marine-star-academy-visees-par-une-plainte-apres-des-propos-insultants-1729750\" rel=\"nofollow noopener\" target=\"_blank\"><br \/>\nvis\u00e9s par une plainte<\/a>. Cela apr\u00e8s que la chanteuse de 25 ans<br \/>\nait d\u00e9clar\u00e9 \u00e0 l\u2019\u00e9mission : \u00ab\u00a0<strong>La ville la plus<br \/>\nconsanguine de France<\/strong>, elle se trouve en<br \/>\nNormandie. C\u2019est <strong>Bolbec<\/strong>\u00ab\u00a0.<\/p>\n<p>Si le maire de la ville de Bolbec n\u2019en a pas tenu rigueur,<br \/>\nmalgr\u00e9 son agacement, un \u00e9lu de l\u2019opposition municipale a d\u00e9cid\u00e9 de<br \/>\n<strong>porter plainte<\/strong> face \u00e0 ces \u00ab\u00a0propos<br \/>\ninsultants\u00a0\u00bb. \u00ab\u00a0Ce type de moquerie publique, qui alimente<br \/>\nla haine sociale ou territoriale, ne doit <strong>plus<br \/>\npasser inaper\u00e7u<\/strong> ni rester impuni\u00a0\u00bb, a-t-il<br \/>\nlanc\u00e9 au m\u00e9dia.<\/p>\n<p><script async src=\"https:\/\/platform.twitter.com\/widgets.js\" charset=\"utf-8\"><\/script><\/p>\n","protected":false},"excerpt":{"rendered":"Comme chaque soir, C \u00e0 vous, sur France 5, a re\u00e7u son lot d\u2019invit\u00e9s, ce jeudi 3 juillet.&hellip;\n","protected":false},"author":2,"featured_media":224792,"comment_status":"","ping_status":"","sticky":false,"template":"","format":"standard","meta":{"footnotes":""},"categories":[1359],"tags":[548,5632,58,59,1011,27,973],"class_list":{"0":"post-224791","1":"post","2":"type-post","3":"status-publish","4":"format-standard","5":"has-post-thumbnail","7":"category-people","8":"tag-article-simple","9":"tag-c-a-vous","10":"tag-divertissement","11":"tag-entertainment","12":"tag-fr","13":"tag-france","14":"tag-people"},"share_on_mastodon":{"url":"https:\/\/pubeurope.com\/@fr\/114793119954106593","error":""},"_links":{"self":[{"href":"https:\/\/www.europesays.com\/fr\/wp-json\/wp\/v2\/posts\/224791","targetHints":{"allow":["GET"]}}],"collection":[{"href":"https:\/\/www.europesays.com\/fr\/wp-json\/wp\/v2\/posts"}],"about":[{"href":"https:\/\/www.europesays.com\/fr\/wp-json\/wp\/v2\/types\/post"}],"author":[{"embeddable":true,"href":"https:\/\/www.europesays.com\/fr\/wp-json\/wp\/v2\/users\/2"}],"replies":[{"embeddable":true,"href":"https:\/\/www.europesays.com\/fr\/wp-json\/wp\/v2\/comments?post=224791"}],"version-history":[{"count":0,"href":"https:\/\/www.europesays.com\/fr\/wp-json\/wp\/v2\/posts\/224791\/revisions"}],"wp:featuredmedia":[{"embeddable":true,"href":"https:\/\/www.europesays.com\/fr\/wp-json\/wp\/v2\/media\/224792"}],"wp:attachment":[{"href":"https:\/\/www.europesays.com\/fr\/wp-json\/wp\/v2\/media?parent=224791"}],"wp:term":[{"taxonomy":"category","embeddable":true,"href":"https:\/\/www.europesays.com\/fr\/wp-json\/wp\/v2\/categories?post=224791"},{"taxonomy":"post_tag","embeddable":true,"href":"https:\/\/www.europesays.com\/fr\/wp-json\/wp\/v2\/tags?post=224791"}],"curies":[{"name":"wp","href":"https:\/\/api.w.org\/{rel}","templated":true}]}}