{"id":224796,"date":"2025-07-04T04:42:17","date_gmt":"2025-07-04T04:42:17","guid":{"rendered":"https:\/\/www.europesays.com\/fr\/224796\/"},"modified":"2025-07-04T04:42:17","modified_gmt":"2025-07-04T04:42:17","slug":"ce-celebre-chanteur-sest-eteint-a-23-ans-2","status":"publish","type":"post","link":"https:\/\/www.europesays.com\/fr\/224796\/","title":{"rendered":"ce c\u00e9l\u00e8bre chanteur s&rsquo;est \u00e9teint \u00e0 23 ans !"},"content":{"rendered":"<p><img decoding=\"async\" class=\"caas-img has-preview\" alt=\"DR\" bad-src=\"https:\/\/www.europesays.com\/fr\/wp-content\/uploads\/2025\/07\/ae1382cf79b35856f344188a64fcd059.jpeg\" src=\"https:\/\/www.europesays.com\/fr\/wp-content\/uploads\/2025\/07\/ae1382cf79b35856f344188a64fcd059.jpeg\"\/><\/p>\n<p>DR<\/p>\n<p>DRLe monde de la K-pop est aujourd&rsquo;hui en deuil et surtout sous le choc. Le chanteur Jaehyun nous a quitt\u00e9s \u00e0 l&rsquo;\u00e2ge de 23 ans seulement. Connu pour \u00eatre membre du groupe F.ABLE, le jeune artiste s&rsquo;est \u00e9teint des suites d&rsquo;un combat contre une leuc\u00e9mie, qu&rsquo;il avait gard\u00e9 secr\u00e8te jusqu&rsquo;\u00e0 sa mort. La nouvelle de son d\u00e9c\u00e8s a \u00e9t\u00e9 partag\u00e9e par ses amis et ses proches le 29 juin dernier, avant d&rsquo;\u00eatre confirm\u00e9e par ses anciens camarades du groupe F.ABLE. \u00ab J&rsquo;ai eu vent de la nouvelle trop tard&#8230; Je suis d\u00e9sol\u00e9 de n&rsquo;avoir pu \u00eatre l\u00e0 pour ton dernier voyage \u00bb \u00e9crit avec \u00e9motion Hojun, son comparse de la bande : \u00ab Parfois je pense \u00e0 quel point j&rsquo;aurais pu faire mieux et \u00e7a me d\u00e9sole. J&rsquo;esp\u00e8re que tu pourras te d\u00e9barrasser de tous tes soucis et vivre confortablement l\u00e0-haut. Merci pour ces cinq ann\u00e9es. Je vais prier pour que tu manges de la nourriture d\u00e9licieuse et que tu ailles bien. Viens me visiter dans mes r\u00eaves \u00bb.<\/p>\n<p>Une carri\u00e8re \u00e9clair<\/p>\n<p>N\u00e9 le 7 avril 2002, Shim Jaehyun, de son vrai nom, a fait ses d\u00e9buts dans la musique en int\u00e9grant le groupe F.ABLE. Form\u00e9 en 2020, le quintet a sorti plusieurs singles dont \u00ab\u00a0Run Run Run\u00a0\u00bb ou \u00ab\u00a0Cloud 9\u00a0\u00bb, sans jamais rencontrer le m\u00eame succ\u00e8s que les plus importants groupes du genre, comme <a class=\"link \" href=\"https:\/\/www.chartsinfrance.net\/BTS\/news-124836.html\" rel=\"nofollow noopener\" target=\"_blank\" data-ylk=\"slk:BTS;elm:context_link;itc:0;sec:content-canvas\">BTS<\/a>, Blackpink ou <a class=\"link \" href=\"https:\/\/www.chartsinfrance.net\/Stray-Kids\/news-130787.html\" rel=\"nofollow noopener\" target=\"_blank\" data-ylk=\"slk:Stray Kids;elm:context_link;itc:0;sec:content-canvas\">Stray Kids<\/a>. F.ABLE s&rsquo;est s\u00e9par\u00e9 en 2023, avant que trois de ses membres ne continuent ensemble sous le nom ENPHAZE. De son c\u00f4t\u00e9, Jaehyun s&rsquo;est retir\u00e9 du feu des projecteurs. Sur les r\u00e9seaux sociaux, les fans du groupe partagent leur tristesse et un message commun adress\u00e9 \u00e0 Jaehyun : \u00ab Repose en paix \u00bb.<\/p>\n<p><a href=\"https:\/\/www.chartsinfrance.net\/JAEHYUN\/news-133087.html\" rel=\"nofollow noopener\" target=\"_blank\" data-ylk=\"slk:Cliquez ici pour voir la suite;elm:context_link;itc:0;sec:content-canvas\" class=\"link \">Cliquez ici pour voir la suite<\/a><\/p>\n","protected":false},"excerpt":{"rendered":"DR DRLe monde de la K-pop est aujourd&rsquo;hui en deuil et surtout sous le choc. Le chanteur Jaehyun&hellip;\n","protected":false},"author":2,"featured_media":224797,"comment_status":"","ping_status":"","sticky":false,"template":"","format":"standard","meta":{"footnotes":""},"categories":[1355],"tags":[58,36374,59,36373,1011,27,36371,11301,1361,873,36372],"class_list":{"0":"post-224796","1":"post","2":"type-post","3":"status-publish","4":"format-standard","5":"has-post-thumbnail","7":"category-musique","8":"tag-divertissement","9":"tag-dr","10":"tag-entertainment","11":"tag-feu-des-projecteurs","12":"tag-fr","13":"tag-france","14":"tag-je-suis-desole","15":"tag-le-choc","16":"tag-music","17":"tag-musique","18":"tag-shim-jaehyun"},"share_on_mastodon":{"url":"https:\/\/pubeurope.com\/@fr\/114793135725975719","error":""},"_links":{"self":[{"href":"https:\/\/www.europesays.com\/fr\/wp-json\/wp\/v2\/posts\/224796","targetHints":{"allow":["GET"]}}],"collection":[{"href":"https:\/\/www.europesays.com\/fr\/wp-json\/wp\/v2\/posts"}],"about":[{"href":"https:\/\/www.europesays.com\/fr\/wp-json\/wp\/v2\/types\/post"}],"author":[{"embeddable":true,"href":"https:\/\/www.europesays.com\/fr\/wp-json\/wp\/v2\/users\/2"}],"replies":[{"embeddable":true,"href":"https:\/\/www.europesays.com\/fr\/wp-json\/wp\/v2\/comments?post=224796"}],"version-history":[{"count":0,"href":"https:\/\/www.europesays.com\/fr\/wp-json\/wp\/v2\/posts\/224796\/revisions"}],"wp:featuredmedia":[{"embeddable":true,"href":"https:\/\/www.europesays.com\/fr\/wp-json\/wp\/v2\/media\/224797"}],"wp:attachment":[{"href":"https:\/\/www.europesays.com\/fr\/wp-json\/wp\/v2\/media?parent=224796"}],"wp:term":[{"taxonomy":"category","embeddable":true,"href":"https:\/\/www.europesays.com\/fr\/wp-json\/wp\/v2\/categories?post=224796"},{"taxonomy":"post_tag","embeddable":true,"href":"https:\/\/www.europesays.com\/fr\/wp-json\/wp\/v2\/tags?post=224796"}],"curies":[{"name":"wp","href":"https:\/\/api.w.org\/{rel}","templated":true}]}}