{"id":224800,"date":"2025-07-04T04:44:16","date_gmt":"2025-07-04T04:44:16","guid":{"rendered":"https:\/\/www.europesays.com\/fr\/224800\/"},"modified":"2025-07-04T04:44:16","modified_gmt":"2025-07-04T04:44:16","slug":"avc-une-mortalite-plus-elevee-en-guadeloupe-que-dans-lhexagone","status":"publish","type":"post","link":"https:\/\/www.europesays.com\/fr\/224800\/","title":{"rendered":"AVC, une mortalit\u00e9 plus \u00e9lev\u00e9e en Guadeloupe que dans l\u2019Hexagone"},"content":{"rendered":"<p style=\"margin-bottom:11px\">Les chiffres de Sant\u00e9 Publique France concernent la p\u00e9riode entre 2021 et 2023. La r\u00e9alit\u00e9 qu\u2019il r\u00e9v\u00e8lent est que d\u2019une mani\u00e8re g\u00e9n\u00e9rale, la pr\u00e9valence et de taux d\u2019incidence de ces maladies cardio-vasculaires et plut\u00f4t inf\u00e9rieur dans l\u2019\u00eele que dans l\u2019Hexagone.<\/p>\n<p style=\"margin-bottom:11px\">Seule une donn\u00e9e sort un peu du lot, celle concernant les accidents vasculaires-c\u00e9r\u00e9braux (AVC). Ici, les taux sont au-dessus de la moyenne nationale avec un taux d\u2019incidence de 290 contre 344 pour 100 000 habitants.<\/p>\n<p style=\"margin-bottom:11px\">Le taux de mortalit\u00e9 est aussi inqui\u00e9tant, il est de 83% contre 58% dans l\u2019Hexagone. Il faut dire, que sur ce point en particulier, la rapidit\u00e9 de la prise en charge est un facteur d\u00e9terminant pour la survie des patients.<\/p>\n<p>Moins de cardiopathies<\/p>\n<p>Le taux d&rsquo;incidence de la cardiopathie isch\u00e9mique, qui est une insuffisance d&rsquo;oxyg\u00e9nation du c\u0153ur due \u00e0 un r\u00e9tr\u00e9cissement des art\u00e8res coronaires, est inf\u00e9rieur en Guadeloupe \u00e0 celui de l&rsquo;Hexagone soit 238 contre 459\u00a0pour 100 000 habitants avec 740 patients hospitalis\u00e9s par an.<\/p>\n<p>Il en est de m\u00eame de la pr\u00e9valence, c&rsquo;est \u00e0 dire l&rsquo;ensemble des malades sur la p\u00e9riode, soit 2,8\u00a0% contre 5,5\u00a0% de l&rsquo;Hexagone. Le taux de mortalit\u00e9 inf\u00e9rieur.<\/p>\n<p>Enfin, le taux d&rsquo;incidence et de pr\u00e9valence de l&rsquo;insuffisance cardiaque, c&rsquo;est-\u00e0-dire une anomalie de la fonction cardiaque, sont \u00e9galement inf\u00e9rieurs \u00e0 l&rsquo;Hexagone, respectivement 290 contre 344 pour 100 000 habitants. Le taux de mortalit\u00e9 est identique \u00e0 la France 4 100 000 habitants.<\/p>\n","protected":false},"excerpt":{"rendered":"Les chiffres de Sant\u00e9 Publique France concernent la p\u00e9riode entre 2021 et 2023. La r\u00e9alit\u00e9 qu\u2019il r\u00e9v\u00e8lent est&hellip;\n","protected":false},"author":2,"featured_media":224801,"comment_status":"","ping_status":"","sticky":false,"template":"","format":"standard","meta":{"footnotes":""},"categories":[10],"tags":[1011,27,72,71],"class_list":{"0":"post-224800","1":"post","2":"type-post","3":"status-publish","4":"format-standard","5":"has-post-thumbnail","7":"category-sante","8":"tag-fr","9":"tag-france","10":"tag-health","11":"tag-sante"},"share_on_mastodon":{"url":"https:\/\/pubeurope.com\/@fr\/114793143555542493","error":""},"_links":{"self":[{"href":"https:\/\/www.europesays.com\/fr\/wp-json\/wp\/v2\/posts\/224800","targetHints":{"allow":["GET"]}}],"collection":[{"href":"https:\/\/www.europesays.com\/fr\/wp-json\/wp\/v2\/posts"}],"about":[{"href":"https:\/\/www.europesays.com\/fr\/wp-json\/wp\/v2\/types\/post"}],"author":[{"embeddable":true,"href":"https:\/\/www.europesays.com\/fr\/wp-json\/wp\/v2\/users\/2"}],"replies":[{"embeddable":true,"href":"https:\/\/www.europesays.com\/fr\/wp-json\/wp\/v2\/comments?post=224800"}],"version-history":[{"count":0,"href":"https:\/\/www.europesays.com\/fr\/wp-json\/wp\/v2\/posts\/224800\/revisions"}],"wp:featuredmedia":[{"embeddable":true,"href":"https:\/\/www.europesays.com\/fr\/wp-json\/wp\/v2\/media\/224801"}],"wp:attachment":[{"href":"https:\/\/www.europesays.com\/fr\/wp-json\/wp\/v2\/media?parent=224800"}],"wp:term":[{"taxonomy":"category","embeddable":true,"href":"https:\/\/www.europesays.com\/fr\/wp-json\/wp\/v2\/categories?post=224800"},{"taxonomy":"post_tag","embeddable":true,"href":"https:\/\/www.europesays.com\/fr\/wp-json\/wp\/v2\/tags?post=224800"}],"curies":[{"name":"wp","href":"https:\/\/api.w.org\/{rel}","templated":true}]}}