{"id":224804,"date":"2025-07-04T04:46:09","date_gmt":"2025-07-04T04:46:09","guid":{"rendered":"https:\/\/www.europesays.com\/fr\/224804\/"},"modified":"2025-07-04T04:46:09","modified_gmt":"2025-07-04T04:46:09","slug":"asap-rocky-annule-sa-venue-au-festival","status":"publish","type":"post","link":"https:\/\/www.europesays.com\/fr\/224804\/","title":{"rendered":"ASAP Rocky annule sa venue au festival"},"content":{"rendered":"<p>Les fans d\u2019ASAP Rocky vont \u00eatre d\u00e9\u00e7us. Le <a href=\"https:\/\/www.20minutes.fr\/dossier\/hip-hop\" target=\"_blank\" class=\"color-ultramarine c-link\" rel=\"noopener\">rappeur<\/a> am\u00e9ricain vient de renoncer \u00e0 deux gros festivals musicaux de l\u2019\u00e9t\u00e9 en Europe, Pukkelpop et <a href=\"https:\/\/www.20minutes.fr\/dossier\/rock_en_seine\" target=\"_blank\" class=\"color-ultramarine c-link\" rel=\"noopener\">Rock en Seine<\/a>, pour des raisons qui n\u2019ont pas \u00e9t\u00e9 pr\u00e9cis\u00e9es.<\/p>\n<p>\u00ab\u00a0Kid Cudi rejoint la programmation de Rock en Seine en remplacement d\u2019ASAP Rocky qui ne pourra pas assurer sa venue \u00e0 Rock en Seine cet \u00e9t\u00e9, en raison de circonstances ind\u00e9pendantes de notre volont\u00e9\u00a0\u00bb, a annonc\u00e9 jeudi le festival qui se tient chaque \u00e9t\u00e9 \u00e0 Saint-Cloud, pr\u00e8s de Paris. Ce <a href=\"https:\/\/www.20minutes.fr\/dossier\/concert\" target=\"_blank\" class=\"color-ultramarine c-link\" rel=\"noopener\">concert<\/a> \u00e9tait programm\u00e9 le 21\u00a0ao\u00fbt.<\/p>\n<p>Un concert \u00e0 Budapest maintenu<\/p>\n<p>Mercredi, Pukkelpop, festival qui a lieu \u00e0 Hasselt, en Belgique, avait annonc\u00e9 qu\u2019<a href=\"https:\/\/www.20minutes.fr\/arts-stars\/people\/asap-rocky\/\" target=\"_blank\" class=\"color-ultramarine c-link\" rel=\"noopener\">ASAP Rocky<\/a> \u00ab\u00a0malheureusement\u00a0\u00bb renon\u00e7ait \u00e0 son concert pr\u00e9vu le 16\u00a0ao\u00fbt. Il sera remplac\u00e9 par un autre rappeur am\u00e9ricain, Macklemore.<\/p>\n<\/p>\n<p>Le concert d\u2019ASAP Rocky dans un des autres grands festivals musicaux europ\u00e9ens d\u2019\u00e9t\u00e9, Sziget, \u00e0 Budapest, est par contre toujours pr\u00e9vu le 8\u00a0ao\u00fbt.<\/p>\n<p><a href=\"https:\/\/www.20minutes.fr\/dossier\/hip-hop\" target=\"_blank\" class=\"c-link c-btn c-btn--primary\" rel=\"noopener\">Notre dossier Hip-Hop<\/a><\/p>\n<p>ASAP Rocky, 36 ans, conjoint de la chanteuse <a href=\"https:\/\/www.20minutes.fr\/people\/rihanna\/\" target=\"_blank\" class=\"color-ultramarine c-link\" rel=\"noopener\">Rihanna<\/a>, \u00e9tait \u00e0 Paris pour le d\u00e9fil\u00e9 Dior du 27\u00a0juin, puis \u00e0 une avant-premi\u00e8re de cin\u00e9ma \u00e0 Bruxelles le lendemain.<\/p>\n","protected":false},"excerpt":{"rendered":"Les fans d\u2019ASAP Rocky vont \u00eatre d\u00e9\u00e7us. Le rappeur am\u00e9ricain vient de renoncer \u00e0 deux gros festivals musicaux&hellip;\n","protected":false},"author":2,"featured_media":224805,"comment_status":"","ping_status":"","sticky":false,"template":"","format":"standard","meta":{"footnotes":""},"categories":[8],"tags":[36375,828,1697,251,58,59,73,849,1011,27,3617,662,873,626,5418,36376,133],"class_list":{"0":"post-224804","1":"post","2":"type-post","3":"status-publish","4":"format-standard","5":"has-post-thumbnail","7":"category-divertissement","8":"tag-asap-aap-rocky","9":"tag-belgique","10":"tag-concert","11":"tag-culture","12":"tag-divertissement","13":"tag-entertainment","14":"tag-etats-unis","15":"tag-festival","16":"tag-fr","17":"tag-france","18":"tag-hip-hop","19":"tag-ile-de-france","20":"tag-musique","21":"tag-paris","22":"tag-rihanna","23":"tag-rock-en-seine","24":"tag-video"},"share_on_mastodon":{"url":"https:\/\/pubeurope.com\/@fr\/114793151444452039","error":""},"_links":{"self":[{"href":"https:\/\/www.europesays.com\/fr\/wp-json\/wp\/v2\/posts\/224804","targetHints":{"allow":["GET"]}}],"collection":[{"href":"https:\/\/www.europesays.com\/fr\/wp-json\/wp\/v2\/posts"}],"about":[{"href":"https:\/\/www.europesays.com\/fr\/wp-json\/wp\/v2\/types\/post"}],"author":[{"embeddable":true,"href":"https:\/\/www.europesays.com\/fr\/wp-json\/wp\/v2\/users\/2"}],"replies":[{"embeddable":true,"href":"https:\/\/www.europesays.com\/fr\/wp-json\/wp\/v2\/comments?post=224804"}],"version-history":[{"count":0,"href":"https:\/\/www.europesays.com\/fr\/wp-json\/wp\/v2\/posts\/224804\/revisions"}],"wp:featuredmedia":[{"embeddable":true,"href":"https:\/\/www.europesays.com\/fr\/wp-json\/wp\/v2\/media\/224805"}],"wp:attachment":[{"href":"https:\/\/www.europesays.com\/fr\/wp-json\/wp\/v2\/media?parent=224804"}],"wp:term":[{"taxonomy":"category","embeddable":true,"href":"https:\/\/www.europesays.com\/fr\/wp-json\/wp\/v2\/categories?post=224804"},{"taxonomy":"post_tag","embeddable":true,"href":"https:\/\/www.europesays.com\/fr\/wp-json\/wp\/v2\/tags?post=224804"}],"curies":[{"name":"wp","href":"https:\/\/api.w.org\/{rel}","templated":true}]}}